{"id":20023,"global_id":"christusnews.de\/site?id=20023","global_id_lineage":["christusnews.de\/site?id=20023"],"author":"2","status":"publish","date":"2022-02-01 17:41:54","date_utc":"2022-02-01 16:41:54","modified":"2022-08-27 19:03:50","modified_utc":"2022-08-27 17:03:50","url":"https:\/\/christusnews.de\/site\/event\/ensemble-choralis-ungewoehnliche-besetzung-und-einnehmende-klangwelten-2\/","rest_url":"https:\/\/christusnews.de\/site\/wp-json\/tribe\/events\/v1\/events\/20023","title":"F\u00c4LLT AUS: Ensemble ChoRaLis  &#8211; Ungew\u00f6hnliche Besetzung und einnehmende Klangwelten","description":"<p><strong>Ensemble ChoRaLis<\/strong><\/p>\n<p><strong>Ungew\u00f6hnliche Besetzung und einnehmende Klangwelten<\/strong><\/p>\n<p>Einnehmende Klangwelten verspricht das Ensemble ChoRaLis am 28. August 2022 um 18 Uhr in der Christus- und Garnisonkirche. \u00a0ChoRaLis \u2013 das sind die drei Musiker und Komponisten Gerhard Koch-Darkow, Erich A. Radke und Karsten Klinker, die f\u00fcr die au\u00dfergew\u00f6hnliche Besetzung\u00a0 von Orgel und Saiteninstrumente komponieren und \u00a0interpretieren.<\/p>\n<p>Damit wagt sich das Trio an eine Instrumentalbesetzung, f\u00fcr die es in der Musikgeschichte keine Vorbilder gibt. Konzertgitarre, E-Gitarre, E-Piano und eine Kirchenorgel, dazu von St\u00fcck zu St\u00fcck unterschiedliche Percussions-Instrumente, teils orientalisch, teils historisch mit Zeitbezug zur Gegenwart. Den besonderen Reiz des bereits \u00fcberregional bekannten Ensembles machen das Zusammenspiel von breiter Dynamik und vielf\u00e4ltigen Klangfarben der Kirchenorgel mit dem filigranen, fast intimen Klang der Saiteninstrumente aus. \u00a0Vor dem inneren Auge des Zuh\u00f6rers l\u00e4sst die Musik des Trios die biblische Welt des mittleren Ostens und vorderen Orients mit ihrem Nachthimmel \u00fcber W\u00fcsten, archaischen Landschaften und st\u00e4dtischen Basaren zu Zeiten des neuen und alten Testamentes entstehen.<\/p>\n<p><em>Eintritt frei &#8211; um eine gro\u00dfz\u00fcgige Kollekte f\u00fcr die Musiker wird gebeten.<\/em><\/p>\n<p>&nbsp;<\/p>\n<h1><strong>DAS KONZERT F\u00c4LLT LEIDER AUS<\/strong> (Stand: 27.08.2022)<\/h1>","excerpt":"","slug":"ensemble-choralis-ungewoehnliche-besetzung-und-einnehmende-klangwelten-2","image":{"url":"https:\/\/christusnews.de\/site\/wp-content\/uploads\/02-e1637913784101.jpg","id":19402,"extension":"jpg","width":758,"height":531,"sizes":{"medium":{"width":300,"height":210,"mime-type":"image\/jpeg","url":"https:\/\/christusnews.de\/site\/wp-content\/uploads\/02-e1637913784101-300x210.jpg"},"large":{"width":606,"height":1024,"mime-type":"image\/jpeg","url":"https:\/\/christusnews.de\/site\/wp-content\/uploads\/02-606x1024.jpg"},"thumbnail":{"width":150,"height":150,"mime-type":"image\/jpeg","url":"https:\/\/christusnews.de\/site\/wp-content\/uploads\/02-e1637913784101-150x150.jpg"},"post-blog":{"width":758,"height":477,"mime-type":"image\/jpeg","url":"https:\/\/christusnews.de\/site\/wp-content\/uploads\/02-e1637913784101-758x477.jpg"},"post-full":{"width":758,"height":600,"mime-type":"image\/jpeg","url":"https:\/\/christusnews.de\/site\/wp-content\/uploads\/02-758x600.jpg"},"th-shop":{"width":266,"height":266,"mime-type":"image\/jpeg","url":"https:\/\/christusnews.de\/site\/wp-content\/uploads\/02-e1637913784101-266x266.jpg"},"th-sidebar":{"width":70,"height":70,"mime-type":"image\/jpeg","url":"https:\/\/christusnews.de\/site\/wp-content\/uploads\/02-e1637913784101-70x70.jpg"},"latest-post":{"width":263,"height":177,"mime-type":"image\/jpeg","url":"https:\/\/christusnews.de\/site\/wp-content\/uploads\/02-e1637913784101-263x177.jpg"},"extended-portfolio":{"width":758,"height":670,"mime-type":"image\/jpeg","url":"https:\/\/christusnews.de\/site\/wp-content\/uploads\/02-758x670.jpg"},"portfolio3":{"width":500,"height":335,"mime-type":"image\/jpeg","url":"https:\/\/christusnews.de\/site\/wp-content\/uploads\/02-e1637913784101-500x335.jpg"},"team1":{"width":555,"height":480,"mime-type":"image\/jpeg","url":"https:\/\/christusnews.de\/site\/wp-content\/uploads\/02-e1637913784101-555x480.jpg"},"th-popular":{"width":150,"height":100,"mime-type":"image\/jpeg","url":"https:\/\/christusnews.de\/site\/wp-content\/uploads\/02-e1637913784101-150x100.jpg"},"post-thumbnail":{"width":50,"height":50,"mime-type":"image\/jpeg","url":"https:\/\/christusnews.de\/site\/wp-content\/uploads\/02-e1637913784101-50x50.jpg"}}},"all_day":false,"start_date":"2022-08-28 18:00:00","start_date_details":{"year":"2022","month":"08","day":"28","hour":"18","minutes":"00","seconds":"00"},"end_date":"2022-08-28 19:30:00","end_date_details":{"year":"2022","month":"08","day":"28","hour":"19","minutes":"30","seconds":"00"},"utc_start_date":"2022-08-28 16:00:00","utc_start_date_details":{"year":"2022","month":"08","day":"28","hour":"16","minutes":"00","seconds":"00"},"utc_end_date":"2022-08-28 17:30:00","utc_end_date_details":{"year":"2022","month":"08","day":"28","hour":"17","minutes":"30","seconds":"00"},"timezone":"Europe\/Berlin","timezone_abbr":"CEST","cost":"","cost_details":{"currency_symbol":"","currency_code":"","currency_position":"suffix","values":[]},"website":"","show_map":false,"show_map_link":false,"hide_from_listings":false,"sticky":false,"featured":false,"categories":[{"name":"CityKirche","slug":"citykirche","term_group":0,"term_taxonomy_id":30,"taxonomy":"tribe_events_cat","description":"","parent":0,"count":310,"filter":"raw","id":30,"urls":{"self":"https:\/\/christusnews.de\/site\/wp-json\/tribe\/events\/v1\/categories\/30","collection":"https:\/\/christusnews.de\/site\/wp-json\/tribe\/events\/v1\/categories"}},{"name":"Konzert","slug":"konzert","term_group":0,"term_taxonomy_id":41,"taxonomy":"tribe_events_cat","description":"","parent":0,"count":155,"filter":"raw","id":41,"urls":{"self":"https:\/\/christusnews.de\/site\/wp-json\/tribe\/events\/v1\/categories\/41","collection":"https:\/\/christusnews.de\/site\/wp-json\/tribe\/events\/v1\/categories"}},{"name":"Veranstaltung","slug":"veranstaltung","term_group":0,"term_taxonomy_id":29,"taxonomy":"tribe_events_cat","description":"","parent":0,"count":768,"filter":"raw","id":29,"urls":{"self":"https:\/\/christusnews.de\/site\/wp-json\/tribe\/events\/v1\/categories\/29","collection":"https:\/\/christusnews.de\/site\/wp-json\/tribe\/events\/v1\/categories"}}],"tags":[],"venue":[],"organizer":[],"custom_fields":[],"json_ld":{"@context":"http:\/\/schema.org","@type":"Event","name":"F\u00c4LLT AUS: Ensemble ChoRaLis  &#8211; Ungew\u00f6hnliche Besetzung und einnehmende Klangwelten","description":"&lt;p&gt;Ensemble ChoRaLis Ungew\u00f6hnliche Besetzung und einnehmende Klangwelten Einnehmende Klangwelten verspricht das Ensemble ChoRaLis am 28. August 2022 um 18 Uhr in der Christus- und Garnisonkirche. \u00a0ChoRaLis \u2013 das sind die drei Musiker und Komponisten Gerhard Koch-Darkow, Erich A. Radke und Karsten Klinker, die f\u00fcr die au\u00dfergew\u00f6hnliche Besetzung\u00a0 von Orgel und Saiteninstrumente komponieren und \u00a0interpretieren. Damit wagt sich das Trio an eine Instrumentalbesetzung, f\u00fcr die es in der Musikgeschichte keine Vorbilder gibt. Konzertgitarre, E-Gitarre, E-Piano und eine Kirchenorgel, dazu von St\u00fcck zu St\u00fcck unterschiedliche Percussions-Instrumente, teils orientalisch, teils historisch mit Zeitbezug zur Gegenwart. Den besonderen Reiz des bereits \u00fcberregional bekannten Ensembles...&lt;\/p&gt;\\n","image":"https:\/\/christusnews.de\/site\/wp-content\/uploads\/02-e1637913784101.jpg","url":"https:\/\/christusnews.de\/site\/event\/ensemble-choralis-ungewoehnliche-besetzung-und-einnehmende-klangwelten-2\/","eventAttendanceMode":"https:\/\/schema.org\/OfflineEventAttendanceMode","eventStatus":"https:\/\/schema.org\/EventScheduled","startDate":"2022-08-28T18:00:00+02:00","endDate":"2022-08-28T19:30:00+02:00","performer":"Organization"}}