{"id":24472,"global_id":"christusnews.de\/site?id=24472","global_id_lineage":["christusnews.de\/site?id=24472"],"author":"2","status":"publish","date":"2023-06-21 15:39:34","date_utc":"2023-06-21 13:39:34","modified":"2023-06-21 15:39:46","modified_utc":"2023-06-21 13:39:46","url":"https:\/\/christusnews.de\/site\/event\/feier-der-jubilaeumskonfirmation\/","rest_url":"https:\/\/christusnews.de\/site\/wp-json\/tribe\/events\/v1\/events\/24472","title":"Feier der Jubil\u00e4umskonfirmation","description":"<p><strong>Jubil\u00e4umskonfirmation II<\/strong><\/p>\n<p><strong>Diamantene, Eiserne, Gnaden und viele andere<\/strong><\/p>\n<p>Am 27. August um 12 Uhr findet die Jubil\u00e4umskonfirmation statt. Gottesdienst ist um 12 Uhr. Und dann folgt ein gemeinsamer Nachmittag mit Erinnerungen und Segen. Herzliche Einladung an alle, die 2023 vor 60, 65 oder 70 Jahren konfirmiert worden sind. Eingeladen sind auch die, die an Ihre Konfirmation vor langer Zeit erinnern wollen. Anmeldungen gerne im Kirchenb\u00fcro unter 04421 41943 oder unter <a href=\"mailto:buero@christusnews.de\">buero@christusnews.de<\/a>. Henry Burow, Frank Morgenstern und ein Team freuen sich auf Sie und Euch.<\/p>","excerpt":"","slug":"feier-der-jubilaeumskonfirmation","image":{"url":"https:\/\/christusnews.de\/site\/wp-content\/uploads\/Kirchenfuehrung-Turm-scaled.jpg","id":24235,"extension":"jpg","width":2560,"height":1702,"filesize":1462267,"sizes":{"medium":{"width":300,"height":199,"mime-type":"image\/jpeg","filesize":90598,"url":"https:\/\/christusnews.de\/site\/wp-content\/uploads\/Kirchenfuehrung-Turm-300x199.jpg"},"large":{"width":1024,"height":681,"mime-type":"image\/jpeg","filesize":343594,"url":"https:\/\/christusnews.de\/site\/wp-content\/uploads\/Kirchenfuehrung-Turm-1024x681.jpg"},"thumbnail":{"width":150,"height":150,"mime-type":"image\/jpeg","filesize":75415,"url":"https:\/\/christusnews.de\/site\/wp-content\/uploads\/Kirchenfuehrung-Turm-150x150.jpg"},"medium_large":{"width":768,"height":511,"mime-type":"image\/jpeg","filesize":224350,"url":"https:\/\/christusnews.de\/site\/wp-content\/uploads\/Kirchenfuehrung-Turm-768x511.jpg"},"1536x1536":{"width":1536,"height":1021,"mime-type":"image\/jpeg","filesize":656115,"url":"https:\/\/christusnews.de\/site\/wp-content\/uploads\/Kirchenfuehrung-Turm-1536x1021.jpg"},"2048x2048":{"width":2048,"height":1362,"mime-type":"image\/jpeg","filesize":1037774,"url":"https:\/\/christusnews.de\/site\/wp-content\/uploads\/Kirchenfuehrung-Turm-2048x1362.jpg"},"post-blog":{"width":847,"height":477,"mime-type":"image\/jpeg","filesize":231797,"url":"https:\/\/christusnews.de\/site\/wp-content\/uploads\/Kirchenfuehrung-Turm-847x477.jpg"},"post-full":{"width":1140,"height":600,"mime-type":"image\/jpeg","filesize":342713,"url":"https:\/\/christusnews.de\/site\/wp-content\/uploads\/Kirchenfuehrung-Turm-1140x600.jpg"},"th-shop":{"width":266,"height":266,"mime-type":"image\/jpeg","filesize":95024,"url":"https:\/\/christusnews.de\/site\/wp-content\/uploads\/Kirchenfuehrung-Turm-266x266.jpg"},"th-sidebar":{"width":70,"height":70,"mime-type":"image\/jpeg","filesize":68147,"url":"https:\/\/christusnews.de\/site\/wp-content\/uploads\/Kirchenfuehrung-Turm-70x70.jpg"},"latest-post":{"width":263,"height":177,"mime-type":"image\/jpeg","filesize":85416,"url":"https:\/\/christusnews.de\/site\/wp-content\/uploads\/Kirchenfuehrung-Turm-263x177.jpg"},"extended-portfolio":{"width":1920,"height":670,"mime-type":"image\/jpeg","filesize":549128,"url":"https:\/\/christusnews.de\/site\/wp-content\/uploads\/Kirchenfuehrung-Turm-1920x670.jpg"},"portfolio3":{"width":500,"height":335,"mime-type":"image\/jpeg","filesize":134743,"url":"https:\/\/christusnews.de\/site\/wp-content\/uploads\/Kirchenfuehrung-Turm-500x335.jpg"},"team1":{"width":555,"height":480,"mime-type":"image\/jpeg","filesize":172476,"url":"https:\/\/christusnews.de\/site\/wp-content\/uploads\/Kirchenfuehrung-Turm-555x480.jpg"},"th-popular":{"width":150,"height":100,"mime-type":"image\/jpeg","filesize":72335,"url":"https:\/\/christusnews.de\/site\/wp-content\/uploads\/Kirchenfuehrung-Turm-150x100.jpg"},"post-thumbnail":{"width":50,"height":50,"mime-type":"image\/jpeg","filesize":67144,"url":"https:\/\/christusnews.de\/site\/wp-content\/uploads\/Kirchenfuehrung-Turm-50x50.jpg"},"cmplz_banner_image":{"width":350,"height":100,"mime-type":"image\/jpeg","filesize":81218,"url":"https:\/\/christusnews.de\/site\/wp-content\/uploads\/Kirchenfuehrung-Turm-350x100.jpg"}},"original_image":"Kirchenfuehrung-Turm.jpg"},"all_day":false,"start_date":"2023-08-27 12:00:00","start_date_details":{"year":"2023","month":"08","day":"27","hour":"12","minutes":"00","seconds":"00"},"end_date":"2023-08-27 17:00:00","end_date_details":{"year":"2023","month":"08","day":"27","hour":"17","minutes":"00","seconds":"00"},"utc_start_date":"2023-08-27 10:00:00","utc_start_date_details":{"year":"2023","month":"08","day":"27","hour":"10","minutes":"00","seconds":"00"},"utc_end_date":"2023-08-27 15:00:00","utc_end_date_details":{"year":"2023","month":"08","day":"27","hour":"15","minutes":"00","seconds":"00"},"timezone":"Europe\/Berlin","timezone_abbr":"CEST","cost":"","cost_details":{"currency_symbol":"","currency_code":"","currency_position":"suffix","values":[]},"website":"","show_map":false,"show_map_link":true,"hide_from_listings":false,"sticky":false,"featured":false,"categories":[{"name":"Gottesdienst","slug":"gottesdienst","term_group":0,"term_taxonomy_id":39,"taxonomy":"tribe_events_cat","description":"","parent":0,"count":852,"filter":"raw","id":39,"urls":{"self":"https:\/\/christusnews.de\/site\/wp-json\/tribe\/events\/v1\/categories\/39","collection":"https:\/\/christusnews.de\/site\/wp-json\/tribe\/events\/v1\/categories"}},{"name":"Veranstaltung","slug":"veranstaltung","term_group":0,"term_taxonomy_id":29,"taxonomy":"tribe_events_cat","description":"","parent":0,"count":768,"filter":"raw","id":29,"urls":{"self":"https:\/\/christusnews.de\/site\/wp-json\/tribe\/events\/v1\/categories\/29","collection":"https:\/\/christusnews.de\/site\/wp-json\/tribe\/events\/v1\/categories"}}],"tags":[],"venue":[],"organizer":[],"custom_fields":[],"json_ld":{"@context":"http:\/\/schema.org","@type":"Event","name":"Feier der Jubil\u00e4umskonfirmation","description":"&lt;p&gt;Jubil\u00e4umskonfirmation II Diamantene, Eiserne, Gnaden und viele andere Am 27. August um 12 Uhr findet die Jubil\u00e4umskonfirmation statt. Gottesdienst ist um 12 Uhr. Und dann folgt ein gemeinsamer Nachmittag mit Erinnerungen und Segen. Herzliche Einladung an alle, die 2023 vor 60, 65 oder 70 Jahren konfirmiert worden sind. Eingeladen sind auch die, die an Ihre Konfirmation vor langer Zeit erinnern wollen. Anmeldungen gerne im Kirchenb\u00fcro unter 04421 41943 oder unter buero@christusnews.de. Henry Burow, Frank Morgenstern und ein Team freuen sich auf Sie und Euch.&lt;\/p&gt;\\n","image":"https:\/\/christusnews.de\/site\/wp-content\/uploads\/Kirchenfuehrung-Turm-scaled.jpg","url":"https:\/\/christusnews.de\/site\/event\/feier-der-jubilaeumskonfirmation\/","eventAttendanceMode":"https:\/\/schema.org\/OfflineEventAttendanceMode","eventStatus":"https:\/\/schema.org\/EventScheduled","startDate":"2023-08-27T12:00:00+02:00","endDate":"2023-08-27T17:00:00+02:00","performer":"Organization"}}