{"id":25573,"global_id":"christusnews.de\/site?id=25573","global_id_lineage":["christusnews.de\/site?id=25573"],"author":"2","status":"publish","date":"2023-11-07 17:13:30","date_utc":"2023-11-07 16:13:30","modified":"2023-11-07 17:13:45","modified_utc":"2023-11-07 16:13:45","url":"https:\/\/christusnews.de\/site\/event\/ausstellungseroeffnung\/","rest_url":"https:\/\/christusnews.de\/site\/wp-json\/tribe\/events\/v1\/events\/25573","title":"Ausstellungser\u00f6ffnung","description":"<p>Ausstellungser\u00f6ffnung &#8211; \u201eSag mir, wo die Blumen sind\u201c<\/p>\n<p>Gem\u00e4lde von Bernd N\u00f6hre h\u00e4ngen in der Kirche. Nach dem Gottesdienst( 12 Uhr) wird die Ausstellung mit gro\u00dfformatigen Bildern mit einer Vernissage um 13.15 Uhr er\u00f6ffnet. Die Ausstellung hat den Titel \u201eHommage an Anselm Kiefer\u201c und ist bis zum 30. November zu sehen.<\/p>","excerpt":"","slug":"ausstellungseroeffnung","image":{"url":"https:\/\/christusnews.de\/site\/wp-content\/uploads\/26.11-Noehre.jpg","id":25569,"extension":"jpg","width":1783,"height":1764,"filesize":780540,"sizes":{"medium":{"width":300,"height":297,"mime-type":"image\/jpeg","filesize":32366,"url":"https:\/\/christusnews.de\/site\/wp-content\/uploads\/26.11-Noehre-300x297.jpg"},"large":{"width":1024,"height":1013,"mime-type":"image\/jpeg","filesize":193649,"url":"https:\/\/christusnews.de\/site\/wp-content\/uploads\/26.11-Noehre-1024x1013.jpg"},"thumbnail":{"width":150,"height":150,"mime-type":"image\/jpeg","filesize":18894,"url":"https:\/\/christusnews.de\/site\/wp-content\/uploads\/26.11-Noehre-150x150.jpg"},"medium_large":{"width":768,"height":760,"mime-type":"image\/jpeg","filesize":121501,"url":"https:\/\/christusnews.de\/site\/wp-content\/uploads\/26.11-Noehre-768x760.jpg"},"1536x1536":{"width":1536,"height":1520,"mime-type":"image\/jpeg","filesize":368342,"url":"https:\/\/christusnews.de\/site\/wp-content\/uploads\/26.11-Noehre-1536x1520.jpg"},"post-blog":{"width":847,"height":477,"mime-type":"image\/jpeg","filesize":86235,"url":"https:\/\/christusnews.de\/site\/wp-content\/uploads\/26.11-Noehre-847x477.jpg"},"post-full":{"width":1140,"height":600,"mime-type":"image\/jpeg","filesize":124588,"url":"https:\/\/christusnews.de\/site\/wp-content\/uploads\/26.11-Noehre-1140x600.jpg"},"th-shop":{"width":266,"height":266,"mime-type":"image\/jpeg","filesize":28705,"url":"https:\/\/christusnews.de\/site\/wp-content\/uploads\/26.11-Noehre-266x266.jpg"},"th-sidebar":{"width":70,"height":70,"mime-type":"image\/jpeg","filesize":15056,"url":"https:\/\/christusnews.de\/site\/wp-content\/uploads\/26.11-Noehre-70x70.jpg"},"latest-post":{"width":263,"height":177,"mime-type":"image\/jpeg","filesize":24122,"url":"https:\/\/christusnews.de\/site\/wp-content\/uploads\/26.11-Noehre-263x177.jpg"},"extended-portfolio":{"width":1783,"height":670,"mime-type":"image\/jpeg","filesize":178788,"url":"https:\/\/christusnews.de\/site\/wp-content\/uploads\/26.11-Noehre-1783x670.jpg"},"portfolio3":{"width":500,"height":335,"mime-type":"image\/jpeg","filesize":47424,"url":"https:\/\/christusnews.de\/site\/wp-content\/uploads\/26.11-Noehre-500x335.jpg"},"team1":{"width":555,"height":480,"mime-type":"image\/jpeg","filesize":65825,"url":"https:\/\/christusnews.de\/site\/wp-content\/uploads\/26.11-Noehre-555x480.jpg"},"th-popular":{"width":150,"height":100,"mime-type":"image\/jpeg","filesize":17435,"url":"https:\/\/christusnews.de\/site\/wp-content\/uploads\/26.11-Noehre-150x100.jpg"},"post-thumbnail":{"width":50,"height":50,"mime-type":"image\/jpeg","filesize":14506,"url":"https:\/\/christusnews.de\/site\/wp-content\/uploads\/26.11-Noehre-50x50.jpg"},"cmplz_banner_image":{"width":350,"height":100,"mime-type":"image\/jpeg","filesize":20584,"url":"https:\/\/christusnews.de\/site\/wp-content\/uploads\/26.11-Noehre-350x100.jpg"}}},"all_day":false,"start_date":"2023-11-19 13:15:00","start_date_details":{"year":"2023","month":"11","day":"19","hour":"13","minutes":"15","seconds":"00"},"end_date":"2023-11-19 14:00:00","end_date_details":{"year":"2023","month":"11","day":"19","hour":"14","minutes":"00","seconds":"00"},"utc_start_date":"2023-11-19 12:15:00","utc_start_date_details":{"year":"2023","month":"11","day":"19","hour":"12","minutes":"15","seconds":"00"},"utc_end_date":"2023-11-19 13:00:00","utc_end_date_details":{"year":"2023","month":"11","day":"19","hour":"13","minutes":"00","seconds":"00"},"timezone":"Europe\/Berlin","timezone_abbr":"CET","cost":"","cost_details":{"currency_symbol":"","currency_code":"","currency_position":"suffix","values":[]},"website":"","show_map":false,"show_map_link":true,"hide_from_listings":false,"sticky":false,"featured":false,"categories":[{"name":"CityKirche","slug":"citykirche","term_group":0,"term_taxonomy_id":30,"taxonomy":"tribe_events_cat","description":"","parent":0,"count":310,"filter":"raw","id":30,"urls":{"self":"https:\/\/christusnews.de\/site\/wp-json\/tribe\/events\/v1\/categories\/30","collection":"https:\/\/christusnews.de\/site\/wp-json\/tribe\/events\/v1\/categories"}},{"name":"Veranstaltung","slug":"veranstaltung","term_group":0,"term_taxonomy_id":29,"taxonomy":"tribe_events_cat","description":"","parent":0,"count":768,"filter":"raw","id":29,"urls":{"self":"https:\/\/christusnews.de\/site\/wp-json\/tribe\/events\/v1\/categories\/29","collection":"https:\/\/christusnews.de\/site\/wp-json\/tribe\/events\/v1\/categories"}}],"tags":[],"venue":[],"organizer":[],"custom_fields":[],"json_ld":{"@context":"http:\/\/schema.org","@type":"Event","name":"Ausstellungser\u00f6ffnung","description":"&lt;p&gt;Ausstellungser\u00f6ffnung - \u201eSag mir, wo die Blumen sind\u201c Gem\u00e4lde von Bernd N\u00f6hre h\u00e4ngen in der Kirche. Nach dem Gottesdienst( 12 Uhr) wird die Ausstellung mit gro\u00dfformatigen Bildern mit einer Vernissage um 13.15 Uhr er\u00f6ffnet. Die Ausstellung hat den Titel \u201eHommage an Anselm Kiefer\u201c und ist bis zum 30. November zu sehen.&lt;\/p&gt;\\n","image":"https:\/\/christusnews.de\/site\/wp-content\/uploads\/26.11-Noehre.jpg","url":"https:\/\/christusnews.de\/site\/event\/ausstellungseroeffnung\/","eventAttendanceMode":"https:\/\/schema.org\/OfflineEventAttendanceMode","eventStatus":"https:\/\/schema.org\/EventScheduled","startDate":"2023-11-19T13:15:00+01:00","endDate":"2023-11-19T14:00:00+01:00","performer":"Organization"}}