{"id":26681,"global_id":"christusnews.de\/site?id=26681","global_id_lineage":["christusnews.de\/site?id=26681"],"author":"2","status":"publish","date":"2024-03-04 12:17:06","date_utc":"2024-03-04 11:17:06","modified":"2024-03-04 12:19:16","modified_utc":"2024-03-04 11:19:16","url":"https:\/\/christusnews.de\/site\/event\/lesung-olaf-mueller-der-himmel-meiner-mutter\/","rest_url":"https:\/\/christusnews.de\/site\/wp-json\/tribe\/events\/v1\/events\/26681","title":"Lesung Olaf M\u00fcller, Der Himmel meiner Mutter","description":"<p><strong>22. M\u00e4rz Lesung Olaf M\u00fcller, Der Himmel meiner Mutter<br \/>\n<\/strong><strong>19 Uhr Christus- und Garnisonkirche<br \/>\n<\/strong>Olaf M\u00fcller erz\u00e4hlt eine bewegende biographische Geschichte: die Kindheit und Jugend seiner Mutter in Schlesien w\u00e4hrend des Zweiten Weltkrieges. Tr\u00fcgerisches Alltagsgl\u00fcck wird j\u00e4h von den H\u00e4rten des Krieges \u00fcberschattet. Brutale Erinnerung an Leid und Elend einer Fl\u00fcchtlings Odyssee in den letzten Kriegsmonaten. Die beiden WilhelmshavenerInnen Monika und Olaf M\u00fcller, Kinder der Protagonistin des Buches lesen aus dem biografischen Roman. Der Eintritt ist frei, um eine Kollekte wird gebeten.<\/p>","excerpt":"","slug":"lesung-olaf-mueller-der-himmel-meiner-mutter","image":{"url":"https:\/\/christusnews.de\/site\/wp-content\/uploads\/20240322-Himmel-meiner-Mutter-1-e1709551012752.jpg","id":26658,"extension":"jpg","width":462,"height":367,"filesize":80100,"sizes":{"medium":{"width":300,"height":238,"mime-type":"image\/jpeg","filesize":15133,"url":"https:\/\/christusnews.de\/site\/wp-content\/uploads\/20240322-Himmel-meiner-Mutter-1-e1709551012752-300x238.jpg"},"thumbnail":{"width":150,"height":150,"mime-type":"image\/jpeg","filesize":6365,"url":"https:\/\/christusnews.de\/site\/wp-content\/uploads\/20240322-Himmel-meiner-Mutter-1-e1709551012752-150x150.jpg"},"post-blog":{"width":462,"height":477,"mime-type":"image\/jpeg","filesize":47300,"url":"https:\/\/christusnews.de\/site\/wp-content\/uploads\/20240322-Himmel-meiner-Mutter-1-462x477.jpg"},"post-full":{"width":462,"height":600,"mime-type":"image\/jpeg","filesize":57500,"url":"https:\/\/christusnews.de\/site\/wp-content\/uploads\/20240322-Himmel-meiner-Mutter-1-462x600.jpg"},"th-shop":{"width":266,"height":266,"mime-type":"image\/jpeg","filesize":15205,"url":"https:\/\/christusnews.de\/site\/wp-content\/uploads\/20240322-Himmel-meiner-Mutter-1-e1709551012752-266x266.jpg"},"th-sidebar":{"width":70,"height":70,"mime-type":"image\/jpeg","filesize":2050,"url":"https:\/\/christusnews.de\/site\/wp-content\/uploads\/20240322-Himmel-meiner-Mutter-1-e1709551012752-70x70.jpg"},"latest-post":{"width":263,"height":177,"mime-type":"image\/jpeg","filesize":10732,"url":"https:\/\/christusnews.de\/site\/wp-content\/uploads\/20240322-Himmel-meiner-Mutter-1-e1709551012752-263x177.jpg"},"portfolio3":{"width":462,"height":335,"mime-type":"image\/jpeg","filesize":30633,"url":"https:\/\/christusnews.de\/site\/wp-content\/uploads\/20240322-Himmel-meiner-Mutter-1-e1709551012752-462x335.jpg"},"team1":{"width":462,"height":480,"mime-type":"image\/jpeg","filesize":47358,"url":"https:\/\/christusnews.de\/site\/wp-content\/uploads\/20240322-Himmel-meiner-Mutter-1-462x480.jpg"},"th-popular":{"width":150,"height":100,"mime-type":"image\/jpeg","filesize":4611,"url":"https:\/\/christusnews.de\/site\/wp-content\/uploads\/20240322-Himmel-meiner-Mutter-1-e1709551012752-150x100.jpg"},"post-thumbnail":{"width":50,"height":50,"mime-type":"image\/jpeg","filesize":1359,"url":"https:\/\/christusnews.de\/site\/wp-content\/uploads\/20240322-Himmel-meiner-Mutter-1-e1709551012752-50x50.jpg"},"cmplz_banner_image":{"width":350,"height":100,"mime-type":"image\/jpeg","filesize":7776,"url":"https:\/\/christusnews.de\/site\/wp-content\/uploads\/20240322-Himmel-meiner-Mutter-1-350x100.jpg"}}},"all_day":false,"start_date":"2024-03-22 19:00:00","start_date_details":{"year":"2024","month":"03","day":"22","hour":"19","minutes":"00","seconds":"00"},"end_date":"2024-03-22 21:00:00","end_date_details":{"year":"2024","month":"03","day":"22","hour":"21","minutes":"00","seconds":"00"},"utc_start_date":"2024-03-22 18:00:00","utc_start_date_details":{"year":"2024","month":"03","day":"22","hour":"18","minutes":"00","seconds":"00"},"utc_end_date":"2024-03-22 20:00:00","utc_end_date_details":{"year":"2024","month":"03","day":"22","hour":"20","minutes":"00","seconds":"00"},"timezone":"Europe\/Berlin","timezone_abbr":"CET","cost":"","cost_details":{"currency_symbol":"","currency_code":"","currency_position":"suffix","values":[]},"website":"","show_map":false,"show_map_link":true,"hide_from_listings":false,"sticky":false,"featured":false,"categories":[{"name":"CityKirche","slug":"citykirche","term_group":0,"term_taxonomy_id":30,"taxonomy":"tribe_events_cat","description":"","parent":0,"count":310,"filter":"raw","id":30,"urls":{"self":"https:\/\/christusnews.de\/site\/wp-json\/tribe\/events\/v1\/categories\/30","collection":"https:\/\/christusnews.de\/site\/wp-json\/tribe\/events\/v1\/categories"}},{"name":"Veranstaltung","slug":"veranstaltung","term_group":0,"term_taxonomy_id":29,"taxonomy":"tribe_events_cat","description":"","parent":0,"count":768,"filter":"raw","id":29,"urls":{"self":"https:\/\/christusnews.de\/site\/wp-json\/tribe\/events\/v1\/categories\/29","collection":"https:\/\/christusnews.de\/site\/wp-json\/tribe\/events\/v1\/categories"}}],"tags":[],"venue":[],"organizer":[],"custom_fields":[],"json_ld":{"@context":"http:\/\/schema.org","@type":"Event","name":"Lesung Olaf M\u00fcller, Der Himmel meiner Mutter","description":"&lt;p&gt;22. M\u00e4rz Lesung Olaf M\u00fcller, Der Himmel meiner Mutter 19 Uhr Christus- und Garnisonkirche Olaf M\u00fcller erz\u00e4hlt eine bewegende biographische Geschichte: die Kindheit und Jugend seiner Mutter in Schlesien w\u00e4hrend des Zweiten Weltkrieges. Tr\u00fcgerisches Alltagsgl\u00fcck wird j\u00e4h von den H\u00e4rten des Krieges \u00fcberschattet. Brutale Erinnerung an Leid und Elend einer Fl\u00fcchtlings Odyssee in den letzten Kriegsmonaten. Die beiden WilhelmshavenerInnen Monika und Olaf M\u00fcller, Kinder der Protagonistin des Buches lesen aus dem biografischen Roman. Der Eintritt ist frei, um eine Kollekte wird gebeten.&lt;\/p&gt;\\n","image":"https:\/\/christusnews.de\/site\/wp-content\/uploads\/20240322-Himmel-meiner-Mutter-1-e1709551012752.jpg","url":"https:\/\/christusnews.de\/site\/event\/lesung-olaf-mueller-der-himmel-meiner-mutter\/","eventAttendanceMode":"https:\/\/schema.org\/OfflineEventAttendanceMode","eventStatus":"https:\/\/schema.org\/EventScheduled","startDate":"2024-03-22T19:00:00+01:00","endDate":"2024-03-22T21:00:00+01:00","performer":"Organization"}}