{"id":11084,"date":"2018-12-02T23:26:00","date_gmt":"2018-12-02T22:26:00","guid":{"rendered":"https:\/\/christusnews.de\/site\/bischof-adomeit-wir-muessen-evangelische-und-katholische-kraefte-buendeln\/"},"modified":"2018-12-02T23:26:00","modified_gmt":"2018-12-02T22:26:00","slug":"bischof-adomeit-wir-muessen-evangelische-und-katholische-kraefte-buendeln","status":"publish","type":"post","link":"https:\/\/christusnews.de\/site\/bischof-adomeit-wir-muessen-evangelische-und-katholische-kraefte-buendeln\/","title":{"rendered":"Bischof Adomeit: Wir m\u00fcssen evangelische und katholische Kr\u00e4fte b\u00fcndeln"},"content":{"rendered":"<div>Mit einem \u00f6kumenischen Gottesdienst in der katholischen Forumskirche St. Peter in Oldenburg haben am Sonntagabend, 2. Dezember, Bischof Thomas Adomeit und Weihbischof Wilfried Theising den Advent und damit das neue Kirchenjahr er\u00f6ffnet. Seit 2009 gibt es dieses gemeinsame Zeichen f\u00fcr das \u00f6kumenische Miteinander der beiden Kirchen in der Nordwest-Region.<\/div>\n<div>&nbsp; &nbsp;<\/div>\n<div>\u201e\u00d6kumene ist in Deutschland inzwischen f\u00fcr viele Gl\u00e4ubige eine Selbstverst\u00e4ndlichkeit. Was aber den wenigsten bewusst ist, ist die Tatsache, dass sie 1966 im Oldenburger Land ihren Anfang genommen hat\u201c, sagte Weihbischof Theising in seiner Begr\u00fc\u00dfung. Die hier gef\u00fchrten Gespr\u00e4che zwischen der evangelisch-lutherischen und der katholischen Kirche h\u00e4tten in den Folgejahren viele wichtige Impulse f\u00fcr ganz Deutschland gesetzt, erl\u00e4uterte er. Diese guten geschwisterlichen Kontakte h\u00e4tten seitdem immer Bestand gehabt und seien von allen Bisch\u00f6fen vorangetrieben worden.<\/div>\n<div>&nbsp; &nbsp;<\/div>\n<div>Zum zehnten Mal wird laut Theising dieser Anlass abwechselnd in einer evangelischen und einer katholischen Kirche gefeiert. Und immer predige in der evangelischen Kirche der katholische Bischof und in der katholischen Kirche der evangelische Bischof. \u201eIch freue mich sehr, dass ich die heutige Er\u00f6ffnung erstmals mit Bischof Thomas Adomeit feiern kann. Und ich bin mir sicher, dass auch wir die \u00d6kumene im Oldenburger Land gut weiterf\u00fchren werden\u201c, schloss Theising.&nbsp;<\/div>\n<div>&nbsp; &nbsp;<\/div>\n<div>\u201eHaben wir wirklich Grund zum Jubel, wie es eben im Evangelium getan wurde\u201c, fragte Bischof Thomas Adomeit in seiner Predigt. Die Probleme f\u00fcr die Landwirtschaft aufgrund der Trockenheit, die Polarisierung in der Gesellschaft, die Schere zwischen arm und reich, Hunger, Kriege und Vertreibung oder sexualisierte Gewalt auch in den Kirchen machten ihn traurig und betroffen. F\u00fcr Freude und Lobgesang sei da wenig Platz. Aber die bevorstehende Ankunft des Herrn mache im Advent Freude.<\/div>\n<div>&nbsp; &nbsp;<\/div>\n<div>Dass Gott Mensch geworden sei, hei\u00dfe aber nicht, dass der Mensch Gott geworden sei, betonte Adomeit. Klar sprach er sich am Beispiel der k\u00fcrzlich in China geborenen Retortenbabys Nana und Lulu gegen Eingriffe in die menschliche Natur aus. Wer wenig Gottesfurcht habe, denke vielleicht, selbst Gott spielen zu k\u00f6nnen. \u201eWas f\u00fcr eine extreme Form des Hochmuts\u201c, beklagte Adomeit. \u201eAnstatt zu denken, wir w\u00e4ren Gott, lasst uns erst mal menschlich sein\u201c, forderte er.<\/div>\n<div>&nbsp; &nbsp;<\/div>\n<div>Es gebe viel zu tun \u2013 das Eintreten gegen Armut und Hunger oder f\u00fcr Frieden und f\u00fcr Gerechtigkeit. \u201eDaf\u00fcr ist Gott auf die Erde gekommen, damit wir Menschen sein k\u00f6nnen.\u201c In dieser Erwartung d\u00fcrften die Menschen fr\u00f6hlich sein. Jesus habe seine J\u00fcnger immer zu zweit losgeschickt. \u201eWie gut, dass wir unsere evangelischen und katholischen Kr\u00e4fte b\u00fcndeln. Gemeinsam tragen wir die Botschaft in unsere St\u00e4dte, in unsere Region, in die Welt.\u201c Jesus Christus werde in unseren Kirchen und unserer Gesellschaft dringend gebraucht, schloss Bischof Adomeit seine Predigt.<\/div>\n<div>&nbsp; &nbsp;<\/div>\n<div>Die musikalische Gestaltung des Gottesdienstes \u00fcbernahm die Choralschola der Forumskirche. Die Orgel spielte Manuel Uhing. Im Anschluss an den Gottesdienst waren alle Gl\u00e4ubigen zu einem Empfang in das Forum St. Peter eingeladen.<\/div>\n<div>&nbsp; &nbsp;<\/div>\n<p><span style=\"font-style: italic\"><span style=\"font-weight: bold\">Bisher fand die \u00f6kumenische Er\u00f6ffnung des Kirchenjahres in folgenden Kirchen statt:<\/span><\/span><\/p>\n<div>2009: evangelische Schlosskirche in Varel<\/div>\n<div>2010: katholische Kirche St. Gorgonius in Goldenstedt<\/div>\n<div>2011: evangelische Kirche St.-Johannes in Bad Zwischenahn<\/div>\n<div>2012: katholische Kirche St. Johannes Baptist in Molbergen<\/div>\n<div>2013: evangelische Kirche St.-Bartholom\u00e4us in Golzwarden<\/div>\n<div>2014: katholische Kirche St. Catharina in Dinklage<\/div>\n<div>2015: evangelische Kirche St.-Laurentius in Hasbergen<\/div>\n<div>2016: katholische Kirche St. Vitus in L\u00f6ningen<\/div>\n<div>2017: evangelische Kirche zum guten Hirten in Damme<\/div>\n<div>2018: katholische Kirche St. Peter in Oldenburg<\/p>\n<p><span style=\"font-style: italic\">Ein Beitrag von Dr. Ludger Heuer, Bisch\u00f6flich M\u00fcnstersches Offizialat.<br \/><\/span><\/div>\n<div><\/div>\n<p>Source: Kirche-Oldenburg<\/p>\n","protected":false},"excerpt":{"rendered":"<p>Mit einem \u00f6kumenischen Gottesdienst in der katholischen Forumskirche St. Peter in Oldenburg haben am Sonntagabend, 2. Dezember, Bischof Thomas Adomeit und Weihbischof Wilfried Theising den Advent und damit das neue Kirchenjahr er\u00f6ffnet. Seit 2009 gibt es dieses gemeinsame Zeichen f\u00fcr das \u00f6kumenische Miteinander der beiden Kirchen in der Nordwest-Region. &nbsp; &nbsp; \u201e\u00d6kumene ist in Deutschland inzwischen f\u00fcr viele Gl\u00e4ubige eine Selbstverst\u00e4ndlichkeit. Was aber den wenigsten bewusst ist, ist die Tatsache, dass sie 1966 im Oldenburger Land ihren Anfang genommen hat\u201c, sagte Weihbischof Theising in seiner Begr\u00fc\u00dfung. Die hier gef\u00fchrten Gespr\u00e4che zwischen der evangelisch-lutherischen und der katholischen Kirche h\u00e4tten in den&#8230;<\/p>\n","protected":false},"author":7,"featured_media":0,"comment_status":"false","ping_status":"open","sticky":false,"template":"","format":"standard","meta":{"footnotes":""},"categories":[43],"tags":[44],"class_list":["post-11084","post","type-post","status-publish","format-standard","hentry","category-kirche-oldenburg","tag-kirche-oldenburg"],"_links":{"self":[{"href":"https:\/\/christusnews.de\/site\/wp-json\/wp\/v2\/posts\/11084","targetHints":{"allow":["GET"]}}],"collection":[{"href":"https:\/\/christusnews.de\/site\/wp-json\/wp\/v2\/posts"}],"about":[{"href":"https:\/\/christusnews.de\/site\/wp-json\/wp\/v2\/types\/post"}],"author":[{"embeddable":true,"href":"https:\/\/christusnews.de\/site\/wp-json\/wp\/v2\/users\/7"}],"replies":[{"embeddable":true,"href":"https:\/\/christusnews.de\/site\/wp-json\/wp\/v2\/comments?post=11084"}],"version-history":[{"count":0,"href":"https:\/\/christusnews.de\/site\/wp-json\/wp\/v2\/posts\/11084\/revisions"}],"wp:attachment":[{"href":"https:\/\/christusnews.de\/site\/wp-json\/wp\/v2\/media?parent=11084"}],"wp:term":[{"taxonomy":"category","embeddable":true,"href":"https:\/\/christusnews.de\/site\/wp-json\/wp\/v2\/categories?post=11084"},{"taxonomy":"post_tag","embeddable":true,"href":"https:\/\/christusnews.de\/site\/wp-json\/wp\/v2\/tags?post=11084"}],"curies":[{"name":"wp","href":"https:\/\/api.w.org\/{rel}","templated":true}]}}