{"id":11627,"date":"2019-02-08T11:28:00","date_gmt":"2019-02-08T10:28:00","guid":{"rendered":"https:\/\/christusnews.de\/site\/expertinnen-zu-wenige-palliativplaetze-fuer-kinder-in-kliniken\/"},"modified":"2019-02-08T11:28:00","modified_gmt":"2019-02-08T10:28:00","slug":"expertinnen-zu-wenige-palliativplaetze-fuer-kinder-in-kliniken","status":"publish","type":"post","link":"https:\/\/christusnews.de\/site\/expertinnen-zu-wenige-palliativplaetze-fuer-kinder-in-kliniken\/","title":{"rendered":"Expertinnen: Zu wenige Palliativpl\u00e4tze f\u00fcr Kinder in Kliniken"},"content":{"rendered":"<p>Wilhelmshaven\/Berlin (epd). Die Kinderhospiz-Expertinnen beklagen zum Tag der Kinderhospizarbeit an diesem Sonntag (10. Februar) eine mangelnde station\u00e4re Palliativversorgung f\u00fcr sterbenskranke Kinder und Jugendliche in Deutschland. \u00abPalliativpl\u00e4tze f\u00fcr Kinder in Kliniken sind rar ges\u00e4t\u00bb, sagte Irene M\u00fcller, Gesch\u00e4ftsf\u00fchrerin des Kinderhospizes \u00abJoshuas Engelreich\u00bb in Wilhelmshaven, am Freitag dem epd.<\/p>\n<p>W\u00e4hrend die Versorgung f\u00fcr Erwachsene mittlerweile bei 95 Prozent liege, betrage die Quote f\u00fcr Kinder nur f\u00fcnf Prozent, erg\u00e4nzte Sabine Kraft, Gesch\u00e4ftsf\u00fchrerin des Bundesverbands Kinderhospiz: \u00abDas ist f\u00fcr uns ein stetiger Kampf.\u00bb Bundesweit hielten nur drei Krankenh\u00e4user in G\u00f6ttingen, Datteln und M\u00fcnchen entsprechende Pl\u00e4tze bereit.<\/p>\n<p>Demgegen\u00fcber sei die Ausstattung mit den 16 station\u00e4ren Kinderhospizen in Deutschland gut. Zurzeit w\u00fcrden neun bis zehn neue H\u00e4user geplant, betonten die Expertinnen. In den Hospizen werden Kinder mit einer lebensverk\u00fcrzenden Erkrankung und ihre Familien bis zu vier Wochen im Jahr betreut. Das Angebot gilt ab dem Zeitpunkt der Diagnose.<\/p>\n<p>Engp\u00e4sse und Wartelisten gebe es allerdings in den Ferienzeiten, best\u00e4tigte auch Martin Gierse, Gesch\u00e4ftsf\u00fchrer des Deutschen Kinderhospizvereins. Deshalb biete der Verein mittlerweile Ferienfreizeiten an, etwa an der Nordsee in Zusammenarbeit mit dem Kinderhospiz \u00abL\u00f6wenherz\u00bb in Syke.<\/p>\n<p>Dagegen sei dass Angebot an ambulanten Kinderhospizdiensten insgesamt in Deutschland nicht ausreichend, sagte Gierse. Es sei vor allem schwierig, gen\u00fcgend Ehrenamtliche zu finden, die bereit seien, eine Begleitung schwerstkranker Kinder in deren Familien \u00fcber einen l\u00e4ngeren Zeitraum zu \u00fcbernehmen.<\/p>\n<p>Aus dem Umfeld der Familien kommt nach Gierses Worten zunehmend der Wunsch nach neuen Wohnformen f\u00fcr schwerstkranke Jugendliche. \u00abDie kranken Kinder werden aufgrund des medizinischen Fortschritts immer \u00e4lter und wollen als junge Erwachsene nicht mehr unbedingt bei ihren Eltern wohnen.\u00bb Einige Einrichtungen wie etwa \u00abL\u00f6wenherz\u00bb in Syke seien derzeit dabei, ein Konzept f\u00fcr Beatmungs-Wohngemeinschaften zu entwickeln.<\/p>\n<p>Ein weiteres noch junges Angebot, das bisher nur in Berlin und Hamburg existiere, seien teilstation\u00e4re Kinderhospize, erl\u00e4uterte Sabine Kraft. Sie n\u00e4hmen junge Patienten auch f\u00fcr wenige Stunden, einen Tag oder eine Nacht auf. Sie sehe daf\u00fcr durchaus einen Bedarf.<br \/>F\u00fcr manche Familien mit beatmeten und pflegeintensiven Kindern k\u00f6nne es wichtig sein, stundenweise Entlastung zu erfahren.<\/p>\n<p>Der Fachkr\u00e4ftemangel sei in den station\u00e4ren Kinderhospizen, aber vor allem bei den ambulanten Kinderpflegediensten zu sp\u00fcren, sagte Irene M\u00fcller, die auch im Vorstand des Bundesverbandes sitzt. Sie stellen die Pflege der Kinder zu Hause in den Familien sicher. Die Pflegedienste f\u00e4nden jedoch kaum Personal, das f\u00fcr die Pflege von oftmals dauerbeatmeten und intensivmedizinisch zu betreuenden Kindern ausgebildet sei.<\/p>\n<p>Source: Kirche-Oldenburg<\/p>\n","protected":false},"excerpt":{"rendered":"<p>Wilhelmshaven\/Berlin (epd). Die Kinderhospiz-Expertinnen beklagen zum Tag der Kinderhospizarbeit an diesem Sonntag (10. Februar) eine mangelnde station\u00e4re Palliativversorgung f\u00fcr sterbenskranke Kinder und Jugendliche in Deutschland. \u00abPalliativpl\u00e4tze f\u00fcr Kinder in Kliniken sind rar ges\u00e4t\u00bb, sagte Irene M\u00fcller, Gesch\u00e4ftsf\u00fchrerin des Kinderhospizes \u00abJoshuas Engelreich\u00bb in Wilhelmshaven, am Freitag dem epd. W\u00e4hrend die Versorgung f\u00fcr Erwachsene mittlerweile bei 95 Prozent liege, betrage die Quote f\u00fcr Kinder nur f\u00fcnf Prozent, erg\u00e4nzte Sabine Kraft, Gesch\u00e4ftsf\u00fchrerin des Bundesverbands Kinderhospiz: \u00abDas ist f\u00fcr uns ein stetiger Kampf.\u00bb Bundesweit hielten nur drei Krankenh\u00e4user in G\u00f6ttingen, Datteln und M\u00fcnchen entsprechende Pl\u00e4tze bereit. Demgegen\u00fcber sei die Ausstattung mit den 16 station\u00e4ren&#8230;<\/p>\n","protected":false},"author":7,"featured_media":0,"comment_status":"false","ping_status":"open","sticky":false,"template":"","format":"standard","meta":{"footnotes":""},"categories":[43],"tags":[44],"class_list":["post-11627","post","type-post","status-publish","format-standard","hentry","category-kirche-oldenburg","tag-kirche-oldenburg"],"_links":{"self":[{"href":"https:\/\/christusnews.de\/site\/wp-json\/wp\/v2\/posts\/11627","targetHints":{"allow":["GET"]}}],"collection":[{"href":"https:\/\/christusnews.de\/site\/wp-json\/wp\/v2\/posts"}],"about":[{"href":"https:\/\/christusnews.de\/site\/wp-json\/wp\/v2\/types\/post"}],"author":[{"embeddable":true,"href":"https:\/\/christusnews.de\/site\/wp-json\/wp\/v2\/users\/7"}],"replies":[{"embeddable":true,"href":"https:\/\/christusnews.de\/site\/wp-json\/wp\/v2\/comments?post=11627"}],"version-history":[{"count":0,"href":"https:\/\/christusnews.de\/site\/wp-json\/wp\/v2\/posts\/11627\/revisions"}],"wp:attachment":[{"href":"https:\/\/christusnews.de\/site\/wp-json\/wp\/v2\/media?parent=11627"}],"wp:term":[{"taxonomy":"category","embeddable":true,"href":"https:\/\/christusnews.de\/site\/wp-json\/wp\/v2\/categories?post=11627"},{"taxonomy":"post_tag","embeddable":true,"href":"https:\/\/christusnews.de\/site\/wp-json\/wp\/v2\/tags?post=11627"}],"curies":[{"name":"wp","href":"https:\/\/api.w.org\/{rel}","templated":true}]}}