{"id":11651,"date":"2019-02-17T19:31:00","date_gmt":"2019-02-17T18:31:00","guid":{"rendered":"https:\/\/christusnews.de\/site\/experten-diskutieren-ueber-arbeitsbedingungen-in-fleischindustrie\/"},"modified":"2019-02-17T19:31:00","modified_gmt":"2019-02-17T18:31:00","slug":"experten-diskutieren-ueber-arbeitsbedingungen-in-fleischindustrie","status":"publish","type":"post","link":"https:\/\/christusnews.de\/site\/experten-diskutieren-ueber-arbeitsbedingungen-in-fleischindustrie\/","title":{"rendered":"Experten diskutieren \u00fcber Arbeitsbedingungen in Fleischindustrie"},"content":{"rendered":"<p>Osnabr\u00fcck (epd). Experten aus Kirche, Landwirtschaft und Politik wollen in Osnabr\u00fcck \u00fcber das System der Fleischindustrie und die Verh\u00e4ltnissen entlang der gesamten Produktionskette diskutieren. Am 28. Februar treffen sich dazu der der katholische Pr\u00e4lat und Sozialexperte Peter Kossen, der nieders\u00e4chsische Landesvorsitzende der Gr\u00fcnen, Hans-Joachim Janssen, und der Landesvorsitzende der Arbeitsgemeinschaft b\u00e4uerliche Landwirtschaft, Ottmar Ilchmann, in der Evangelisch-reformierten Gemeinde Osnabr\u00fcck, wie die Arbeitsgemeinschaft am Sonntag mitteilte.<\/p>\n<p>Zwar feierten Schlachtkonzerne und die vor- und nachgelagerte Industrie wirtschaftlich Erfolge, das System bringe jedoch eine Vielzahl von \u00abKollateralsch\u00e4den\u00bb mit sich, hie\u00df es. So drehe sich die Diskussion um Massentierhaltung, Tierwohlm\u00e4ngel und gesellschaftliche Kritik. Auch der Kostendruck auf b\u00e4uerliche Betriebe und massives H\u00f6festerben w\u00fcrden thematisiert. Dazu k\u00e4men unw\u00fcrdige Lebens- und Arbeitsverh\u00e4ltnisse der Arbeiter im System der Werkvertr\u00e4ge.<br \/>\nSource: Kirche-Oldenburg<\/p>\n","protected":false},"excerpt":{"rendered":"<p>Osnabr\u00fcck (epd). Experten aus Kirche, Landwirtschaft und Politik wollen in Osnabr\u00fcck \u00fcber das System der Fleischindustrie und die Verh\u00e4ltnissen entlang der gesamten Produktionskette diskutieren. Am 28. Februar treffen sich dazu der der katholische Pr\u00e4lat und Sozialexperte Peter Kossen, der nieders\u00e4chsische Landesvorsitzende der Gr\u00fcnen, Hans-Joachim Janssen, und der Landesvorsitzende der Arbeitsgemeinschaft b\u00e4uerliche Landwirtschaft, Ottmar Ilchmann, in der Evangelisch-reformierten Gemeinde Osnabr\u00fcck, wie die Arbeitsgemeinschaft am Sonntag mitteilte. Zwar feierten Schlachtkonzerne und die vor- und nachgelagerte Industrie wirtschaftlich Erfolge, das System bringe jedoch eine Vielzahl von \u00abKollateralsch\u00e4den\u00bb mit sich, hie\u00df es. So drehe sich die Diskussion um Massentierhaltung, Tierwohlm\u00e4ngel und gesellschaftliche Kritik. Auch&#8230;<\/p>\n","protected":false},"author":7,"featured_media":0,"comment_status":"false","ping_status":"open","sticky":false,"template":"","format":"standard","meta":{"footnotes":""},"categories":[43],"tags":[44],"class_list":["post-11651","post","type-post","status-publish","format-standard","hentry","category-kirche-oldenburg","tag-kirche-oldenburg"],"_links":{"self":[{"href":"https:\/\/christusnews.de\/site\/wp-json\/wp\/v2\/posts\/11651","targetHints":{"allow":["GET"]}}],"collection":[{"href":"https:\/\/christusnews.de\/site\/wp-json\/wp\/v2\/posts"}],"about":[{"href":"https:\/\/christusnews.de\/site\/wp-json\/wp\/v2\/types\/post"}],"author":[{"embeddable":true,"href":"https:\/\/christusnews.de\/site\/wp-json\/wp\/v2\/users\/7"}],"replies":[{"embeddable":true,"href":"https:\/\/christusnews.de\/site\/wp-json\/wp\/v2\/comments?post=11651"}],"version-history":[{"count":0,"href":"https:\/\/christusnews.de\/site\/wp-json\/wp\/v2\/posts\/11651\/revisions"}],"wp:attachment":[{"href":"https:\/\/christusnews.de\/site\/wp-json\/wp\/v2\/media?parent=11651"}],"wp:term":[{"taxonomy":"category","embeddable":true,"href":"https:\/\/christusnews.de\/site\/wp-json\/wp\/v2\/categories?post=11651"},{"taxonomy":"post_tag","embeddable":true,"href":"https:\/\/christusnews.de\/site\/wp-json\/wp\/v2\/tags?post=11651"}],"curies":[{"name":"wp","href":"https:\/\/api.w.org\/{rel}","templated":true}]}}