{"id":12557,"date":"2019-07-28T08:54:00","date_gmt":"2019-07-28T06:54:00","guid":{"rendered":"https:\/\/christusnews.de\/site\/die-anforderungen-an-ehrenamtliche-prediger-wachsen-drei-fragen-an-pastorin-vera-christina-pabst\/"},"modified":"2019-07-28T08:54:00","modified_gmt":"2019-07-28T06:54:00","slug":"die-anforderungen-an-ehrenamtliche-prediger-wachsen-drei-fragen-an-pastorin-vera-christina-pabst","status":"publish","type":"post","link":"https:\/\/christusnews.de\/site\/die-anforderungen-an-ehrenamtliche-prediger-wachsen-drei-fragen-an-pastorin-vera-christina-pabst\/","title":{"rendered":"\u00abDie Anforderungen an ehrenamtliche Prediger wachsen\u00bb &#8211; Drei Fragen an Pastorin Vera Christina Pabst"},"content":{"rendered":"<p>Hannover (epd). Aus dem Gottesdienst in vielen Gemeinden der hannoverschen Landeskirche sind ehrenamtliche Prediger schon l\u00e4ngst nicht mehr wegzudenken. Doch was treibt sie an, wie sieht ihr Alltag aus und wo sehen sie vielleicht Probleme? Diesen Fragen geht die evangelische Landeskirche in einer wissenschaftliche Untersuchung nach. Die Anforderungen an die rund 1.900 Ehrenamtlichen w\u00fcchsen, sagte die Beauftragte f\u00fcr den Lektoren- und Pr\u00e4dikantendienst, Pastorin Vera Christina Pabst, dem Evangelischen Pressedienst (epd).<\/p>\n<p>epd: Worin genau bestehen die Aufgaben der ehrenamtlichen Prediger?<\/p>\n<p>Vera Christina Pabst: Das richtet sich ganz nach der Art ihrer Ausbildung. Lektoren feiern eigenst\u00e4ndig Gottesdienste mit einer Lesepredigt, die ihnen vorgegeben ist. Pr\u00e4dikantinnen und Pr\u00e4dikanten werden umfassender geschult und entwickeln ihre Predigten selbst. Au\u00dferdem leiten Pr\u00e4dikanten auch Abendmahlsfeiern.<\/p>\n<p>epd: Wer meldet sich \u00fcberhaupt als Pr\u00e4dikant oder Lektor?<\/p>\n<p>Pabst: Das ist sehr unterschiedlich &#8211; sowohl, was das Alter als auch die Beweggr\u00fcnde angeht. Es gibt Leute, die wollen sich st\u00e4rker mit der Bibel auseinandersetzen und sie auf diesem Wege besser kennenlernen. Ganz praktisch gibt es aber auch Menschen, die sagen, bei ihnen fehlt etwas im Dorf, wenn die Predigtkanzel am Sonntag leer bleibt. Wo also der Pastor nicht mehr jeden Sonntag den Gottesdienst leiten kann, sehen sie sich in der Pflicht.<\/p>\n<p>epd: Sind sie damit nicht blo\u00df eine Art L\u00fcckenb\u00fc\u00dfer f\u00fcr Pastoren?<\/p>\n<p>Pabst: Ganz im Gegenteil. Viele sagen, ihre Rolle werde immer bedeutsamer. Sie st\u00e4rker gefordert, leiten mehr eigene Gottesdienste und tragen mehr Verantwortung. Wir wollen herausfinden, wo die Ehrenamtlichen vielleicht \u00fcberfordert werden oder sich \u00fcberfordert f\u00fchlen. Dann k\u00f6nnen wir gezielt gegensteuern. So wird es in Zukunft sicher mehr Bibelkunde geben, denn unter den ehrenamtlichen Predigerinnen und Predigern spiegelt sich das gesamtgesellschaftliche Ph\u00e4nomen wider, dass die Menschen nicht mehr so \u00abbibelfest\u00bb sind wie fr\u00fcher.<\/p>\n<p>Source: Kirche-Oldenburg<\/p>\n","protected":false},"excerpt":{"rendered":"<p>Hannover (epd). Aus dem Gottesdienst in vielen Gemeinden der hannoverschen Landeskirche sind ehrenamtliche Prediger schon l\u00e4ngst nicht mehr wegzudenken. Doch was treibt sie an, wie sieht ihr Alltag aus und wo sehen sie vielleicht Probleme? Diesen Fragen geht die evangelische Landeskirche in einer wissenschaftliche Untersuchung nach. Die Anforderungen an die rund 1.900 Ehrenamtlichen w\u00fcchsen, sagte die Beauftragte f\u00fcr den Lektoren- und Pr\u00e4dikantendienst, Pastorin Vera Christina Pabst, dem Evangelischen Pressedienst (epd). epd: Worin genau bestehen die Aufgaben der ehrenamtlichen Prediger? Vera Christina Pabst: Das richtet sich ganz nach der Art ihrer Ausbildung. Lektoren feiern eigenst\u00e4ndig Gottesdienste mit einer Lesepredigt, die ihnen&#8230;<\/p>\n","protected":false},"author":7,"featured_media":0,"comment_status":"false","ping_status":"open","sticky":false,"template":"","format":"standard","meta":{"footnotes":""},"categories":[43],"tags":[44],"class_list":["post-12557","post","type-post","status-publish","format-standard","hentry","category-kirche-oldenburg","tag-kirche-oldenburg"],"_links":{"self":[{"href":"https:\/\/christusnews.de\/site\/wp-json\/wp\/v2\/posts\/12557","targetHints":{"allow":["GET"]}}],"collection":[{"href":"https:\/\/christusnews.de\/site\/wp-json\/wp\/v2\/posts"}],"about":[{"href":"https:\/\/christusnews.de\/site\/wp-json\/wp\/v2\/types\/post"}],"author":[{"embeddable":true,"href":"https:\/\/christusnews.de\/site\/wp-json\/wp\/v2\/users\/7"}],"replies":[{"embeddable":true,"href":"https:\/\/christusnews.de\/site\/wp-json\/wp\/v2\/comments?post=12557"}],"version-history":[{"count":0,"href":"https:\/\/christusnews.de\/site\/wp-json\/wp\/v2\/posts\/12557\/revisions"}],"wp:attachment":[{"href":"https:\/\/christusnews.de\/site\/wp-json\/wp\/v2\/media?parent=12557"}],"wp:term":[{"taxonomy":"category","embeddable":true,"href":"https:\/\/christusnews.de\/site\/wp-json\/wp\/v2\/categories?post=12557"},{"taxonomy":"post_tag","embeddable":true,"href":"https:\/\/christusnews.de\/site\/wp-json\/wp\/v2\/tags?post=12557"}],"curies":[{"name":"wp","href":"https:\/\/api.w.org\/{rel}","templated":true}]}}