{"id":13179,"date":"2019-11-16T13:25:00","date_gmt":"2019-11-16T12:25:00","guid":{"rendered":"https:\/\/christusnews.de\/site\/theologe-aus-niedersachsen-als-berliner-bischof-eingefuehrt\/"},"modified":"2019-11-16T13:25:00","modified_gmt":"2019-11-16T12:25:00","slug":"theologe-aus-niedersachsen-als-berliner-bischof-eingefuehrt","status":"publish","type":"post","link":"https:\/\/christusnews.de\/site\/theologe-aus-niedersachsen-als-berliner-bischof-eingefuehrt\/","title":{"rendered":"Theologe aus Niedersachsen als Berliner Bischof eingef\u00fchrt"},"content":{"rendered":"<p>Berlin\/Loccum (epd). Der aus Niedersachsen stammende Theologe Christian St\u00e4blein ist in sein Amt als neuer evangelischer Bischof f\u00fcr Berlin, Brandenburg und die schlesische Oberlausitz eingef\u00fchrt worden. Bei einem Festgottesdienst in der Berliner Marienkirche wurde am Sonnabend zugleich sein Amtsvorg\u00e4nger Markus Dr\u00f6ge nach zehn Jahren im Bischofsamt in den Ruhestand verabschiedet. An der Feier nahmen rund 700 G\u00e4ste teil, darunter neben zahlreichen Bisch\u00f6fen anderer Landeskirchen und Gemeindemitgliedern auch der Regierende B\u00fcrgermeister von Berlin, Michael M\u00fcller, und Brandenburgs Ministerpr\u00e4sident Dietmar Woidke (beide SPD).<\/p>\n<p>In seiner Predigt im Festgottesdienst rief St\u00e4blein zu Gottvertrauen und zur Schaffung von Gerechtigkeit und Frieden im Kleinen wie im Gro\u00dfen auf. Der neue Berliner Bischof wandte sich zudem energisch gegen jede Form von Antisemitismus. Es d\u00fcrfe nicht nachgelassen werden, \u00abdagegen zu stehen, das laut zu machen\u00bb. Es sei wichtig, gegen Angriffe mit Worten und Taten zu k\u00e4mpfen.<\/p>\n<p>Christian St\u00e4blein wurde am in Bad Pyrmont geboren und wuchs in Hannover auf. Nach Studien der evangelischen Theologie, Judaistik, Philosophie, Geschichte und Rechtswissenschaften in G\u00f6ttingen, Berlin und Jerusalem wurde er im Jahr 2000 zum Pfarrer ordiniert und zwei Jahre sp\u00e4ter mit einer Dissertation zum Thema \u00abPredigen nach dem Holocaust\u00bb promoviert. Vier Jahre war er wissenschaftlicher Assistent an der Universit\u00e4t G\u00f6ttingen und drei Jahre lang Pastor in Nienburg an der Weser. Von 2008 bis 2015 war St\u00e4blein Konventual-Studiendirektor des Predigerseminars im Kloster Loccum bei Nienburg.<\/p>\n<p>Vor vier Jahren wechselte er nach Berlin und wurde Propst der Evangelischen Kirche Berlin-Brandenburg-schlesische Oberlausitz und damit Stellvertreter des bisherigen Bischofs Markus Dr\u00f6ge. Die Landeskirche hat gut 940.000 Mitglieder in knapp 1.250 Gemeinden in Berlin, Brandenburg und der s\u00e4chsischen Region G\u00f6rlitz. Anfang April w\u00e4hlte ihn die Synode, das Kirchenparlament, zum Nachfolger Dr\u00f6ges.<\/p>\n<p>Bereits von 1977 bis 1994 amtierte ein evangelischer Theologe aus Niedersachsen als Berliner Bischof: der 1929 in Dassel geborene Martin Kruse. Auch er war Konventual-Studiendirektor in Loccum und sp\u00e4ter auch Landessuperintendent in Stade. Kruse lebt heute mit 90 Jahren in Berlin.<\/p>\n<p>Source: Kirche-Oldenburg<\/p>\n","protected":false},"excerpt":{"rendered":"<p>Berlin\/Loccum (epd). Der aus Niedersachsen stammende Theologe Christian St\u00e4blein ist in sein Amt als neuer evangelischer Bischof f\u00fcr Berlin, Brandenburg und die schlesische Oberlausitz eingef\u00fchrt worden. Bei einem Festgottesdienst in der Berliner Marienkirche wurde am Sonnabend zugleich sein Amtsvorg\u00e4nger Markus Dr\u00f6ge nach zehn Jahren im Bischofsamt in den Ruhestand verabschiedet. An der Feier nahmen rund 700 G\u00e4ste teil, darunter neben zahlreichen Bisch\u00f6fen anderer Landeskirchen und Gemeindemitgliedern auch der Regierende B\u00fcrgermeister von Berlin, Michael M\u00fcller, und Brandenburgs Ministerpr\u00e4sident Dietmar Woidke (beide SPD). In seiner Predigt im Festgottesdienst rief St\u00e4blein zu Gottvertrauen und zur Schaffung von Gerechtigkeit und Frieden im Kleinen wie&#8230;<\/p>\n","protected":false},"author":7,"featured_media":0,"comment_status":"false","ping_status":"open","sticky":false,"template":"","format":"standard","meta":{"footnotes":""},"categories":[43],"tags":[44],"class_list":["post-13179","post","type-post","status-publish","format-standard","hentry","category-kirche-oldenburg","tag-kirche-oldenburg"],"_links":{"self":[{"href":"https:\/\/christusnews.de\/site\/wp-json\/wp\/v2\/posts\/13179","targetHints":{"allow":["GET"]}}],"collection":[{"href":"https:\/\/christusnews.de\/site\/wp-json\/wp\/v2\/posts"}],"about":[{"href":"https:\/\/christusnews.de\/site\/wp-json\/wp\/v2\/types\/post"}],"author":[{"embeddable":true,"href":"https:\/\/christusnews.de\/site\/wp-json\/wp\/v2\/users\/7"}],"replies":[{"embeddable":true,"href":"https:\/\/christusnews.de\/site\/wp-json\/wp\/v2\/comments?post=13179"}],"version-history":[{"count":0,"href":"https:\/\/christusnews.de\/site\/wp-json\/wp\/v2\/posts\/13179\/revisions"}],"wp:attachment":[{"href":"https:\/\/christusnews.de\/site\/wp-json\/wp\/v2\/media?parent=13179"}],"wp:term":[{"taxonomy":"category","embeddable":true,"href":"https:\/\/christusnews.de\/site\/wp-json\/wp\/v2\/categories?post=13179"},{"taxonomy":"post_tag","embeddable":true,"href":"https:\/\/christusnews.de\/site\/wp-json\/wp\/v2\/tags?post=13179"}],"curies":[{"name":"wp","href":"https:\/\/api.w.org\/{rel}","templated":true}]}}