{"id":13407,"date":"2019-12-09T12:00:00","date_gmt":"2019-12-09T11:00:00","guid":{"rendered":"https:\/\/christusnews.de\/site\/?p=13407"},"modified":"2020-01-06T13:53:10","modified_gmt":"2020-01-06T12:53:10","slug":"halbzeit","status":"publish","type":"post","link":"https:\/\/christusnews.de\/site\/halbzeit\/","title":{"rendered":"Halbzeit"},"content":{"rendered":"\n<p>Am Sonntag haben wir die zweite Kerze auf dem Adventkranz angez\u00fcndet. Die eine H\u00e4lfte Advent ist schon vorbei. Weihnachten r\u00fcckt immer n\u00e4her. Langsam werde ich ruhiger. Ich habe endlich alle Geschenke besorgt. Die Planungen f\u00fcr das Weihnachtsfest sind weitgehend abgeschlossen. Doch, da bin ich wohl eine Ausnahme. In meinem Freundeskreis wirken im Moment alle unglaublich hektisch. Niemand hat Zeit f\u00fcr ein gem\u00fctliches Tee Trinken oder ein gemeinsames Abendessen. Dabei sind wir doch gerade im Advent aufgefordert es ein bisschen ruhiger angehen zu lassen. Wir sollen uns Zeit nehmen f\u00fcr die Dinge die wirklich z\u00e4hlen: f\u00fcr unsere Familie und Freunde. Jetzt ist nicht die Zeit der Hektik und der langen To Do-Listen! Jetzt ist Zeit f\u00fcr die Liebe, f\u00fcr die Familie und unsere Freunde!<\/p>\n\n\n\n<p><\/p>\n\n\n\n<p><strong>Mareike Heitmann<\/strong><\/p>\n\n\n\n<p><em>H\u00f6ren Sie diesen Beitrag bei Radio Jade:<br><\/em><a rel=\"noreferrer noopener\" href=\"http:\/\/www.radio-jade.de\/mediathek\/angedacht\/\" target=\"_blank\"><em>Alle Beitr\u00e4ge im \u00dcberblick | RADIO JADE<\/em><\/a><\/p>\n","protected":false},"excerpt":{"rendered":"<p>Am Sonntag haben wir die zweite Kerze auf dem Adventkranz angez\u00fcndet. Die eine H\u00e4lfte Advent ist schon vorbei. Weihnachten r\u00fcckt immer n\u00e4her. Langsam werde ich ruhiger. Ich habe endlich alle Geschenke besorgt. Die Planungen f\u00fcr das Weihnachtsfest sind weitgehend abgeschlossen. Doch, da bin ich wohl eine Ausnahme. In meinem Freundeskreis wirken im Moment alle unglaublich hektisch. Niemand hat Zeit f\u00fcr ein gem\u00fctliches Tee Trinken oder ein gemeinsames Abendessen. Dabei sind wir doch gerade im Advent aufgefordert es ein bisschen ruhiger angehen zu lassen. Wir sollen uns Zeit nehmen f\u00fcr die Dinge die wirklich z\u00e4hlen: f\u00fcr unsere Familie und Freunde. Jetzt&#8230;<\/p>\n","protected":false},"author":6,"featured_media":1171,"comment_status":"closed","ping_status":"open","sticky":false,"template":"","format":"standard","meta":{"footnotes":""},"categories":[5],"tags":[],"class_list":["post-13407","post","type-post","status-publish","format-standard","has-post-thumbnail","hentry","category-angedacht"],"_links":{"self":[{"href":"https:\/\/christusnews.de\/site\/wp-json\/wp\/v2\/posts\/13407","targetHints":{"allow":["GET"]}}],"collection":[{"href":"https:\/\/christusnews.de\/site\/wp-json\/wp\/v2\/posts"}],"about":[{"href":"https:\/\/christusnews.de\/site\/wp-json\/wp\/v2\/types\/post"}],"author":[{"embeddable":true,"href":"https:\/\/christusnews.de\/site\/wp-json\/wp\/v2\/users\/6"}],"replies":[{"embeddable":true,"href":"https:\/\/christusnews.de\/site\/wp-json\/wp\/v2\/comments?post=13407"}],"version-history":[{"count":1,"href":"https:\/\/christusnews.de\/site\/wp-json\/wp\/v2\/posts\/13407\/revisions"}],"predecessor-version":[{"id":13408,"href":"https:\/\/christusnews.de\/site\/wp-json\/wp\/v2\/posts\/13407\/revisions\/13408"}],"wp:featuredmedia":[{"embeddable":true,"href":"https:\/\/christusnews.de\/site\/wp-json\/wp\/v2\/media\/1171"}],"wp:attachment":[{"href":"https:\/\/christusnews.de\/site\/wp-json\/wp\/v2\/media?parent=13407"}],"wp:term":[{"taxonomy":"category","embeddable":true,"href":"https:\/\/christusnews.de\/site\/wp-json\/wp\/v2\/categories?post=13407"},{"taxonomy":"post_tag","embeddable":true,"href":"https:\/\/christusnews.de\/site\/wp-json\/wp\/v2\/tags?post=13407"}],"curies":[{"name":"wp","href":"https:\/\/api.w.org\/{rel}","templated":true}]}}