{"id":13418,"date":"2020-01-03T12:36:00","date_gmt":"2020-01-03T11:36:00","guid":{"rendered":"https:\/\/christusnews.de\/site\/evangelischer-bischof-meister-haelt-oekumenische-gemeinden-fuer-moeglich-katholischer-bischof-wilmer-aus-hildesheim-begruesst-ueberlegungen-des-hannoverschen-landesbischofs\/"},"modified":"2020-01-03T12:36:00","modified_gmt":"2020-01-03T11:36:00","slug":"evangelischer-bischof-meister-haelt-oekumenische-gemeinden-fuer-moeglich-katholischer-bischof-wilmer-aus-hildesheim-begruesst-ueberlegungen-des-hannoverschen-landesbischofs","status":"publish","type":"post","link":"https:\/\/christusnews.de\/site\/evangelischer-bischof-meister-haelt-oekumenische-gemeinden-fuer-moeglich-katholischer-bischof-wilmer-aus-hildesheim-begruesst-ueberlegungen-des-hannoverschen-landesbischofs\/","title":{"rendered":"Evangelischer Bischof Meister h\u00e4lt \u00f6kumenische Gemeinden f\u00fcr m\u00f6glich &#8211; Katholischer Bischof Wilmer aus Hildesheim begr\u00fc\u00dft \u00dcberlegungen des hannoverschen Landesbischofs"},"content":{"rendered":"<p>Der evangelische Landesbischof Ralf Meister aus Hannover h\u00e4lt Kirchengemeinden mit evangelischen und katholischen Christen in der Zukunft f\u00fcr m\u00f6glich. Sein katholischer Amtskollege Heiner Wilmer aus Hildesheim begr\u00fc\u00dfte seine \u00dcberlegungen.<\/p>\n<p>Hannover (epd). Der hannoversche Landesbischof Ralf Meister h\u00e4lt f\u00fcr die Zukunft Kirchengemeinden mit evangelischen und katholischen Christen unter einem Dach f\u00fcr m\u00f6glich. \u00abViele Menschen fragen schon heute nicht mehr danach, ob jemand evangelisch oder katholisch ist, sondern nur, ob er Christ oder Christin ist\u00bb, sagte er im Gespr\u00e4ch mit dem Evangelischen Pressedienst (epd). Der katholische Hildesheimer Bischof Heiner Wilmer begr\u00fc\u00dfte die \u00dcberlegungen seines evangelischen Amtskollegen. \u00abIch bin der festen Auffassung, dass es zwischen den beiden gro\u00dfen deutschen Kirchen viel mehr Verbindendes als Trennendes gibt\u00bb, sagte Wilmer dem epd.<\/p>\n<p>\u00abWir alle sind als Christinnen und Christen aufgefordert, das Evangelium zu bezeugen und zu verk\u00fcnden\u00bb, betonte Wilmer. \u00abWie wir in der Seelsorge gemeinsame Wege gehen k\u00f6nnen, ist eine richtige und wichtige Frage f\u00fcr die Zukunft. Damit werden wir uns in der \u00d6kumene ganz sicher weiter befassen.\u00bb<\/p>\n<p>Meister hatte angeregt, zu \u00fcberlegen, was die beiden Kirchen k\u00fcnftig gemeinsam tun k\u00f6nnten &#8211; \u00abbis hin zur Gr\u00fcndung von reinen \u00f6kumenischen Gemeinden\u00bb. Das sei zwar ein ferner Wunsch, \u00ababer man kann ihn ja ruhig mal \u00e4u\u00dfern\u00bb, sagte er. Es sei zurzeit noch v\u00f6llig offen, wie solche Gemeinden aussehen k\u00f6nnten: \u00abWir sind einfach noch nicht so weit und haben unsere Differenzen, zum Beispiel mit dem Abendmahl.\u00bb N\u00f6tig seien Initiativen, die beide Kirchen herausforderten: \u00abIch glaube, das wird f\u00fcr die Zukunft des Christentums in unserem Land sehr entscheidend sein.\u00bb<\/p>\n<p>Auch f\u00fcr seine eigene Landeskirche, der gr\u00f6\u00dften in Deutschland, w\u00fcnscht sich Meister neue und kreative Formen. Er denke dabei an Gemeinden, die sich nur f\u00fcr einen begrenzten Zeitraum zusammenf\u00e4nden, wom\u00f6glich ohne Pastor und Kirchengeb\u00e4ude, nur mit einem ehrenamtlich beauftragten Pr\u00e4dikanten. \u00abWarum soll es nicht auch eine reine, allein von Jugendlichen konzipierte und getragene Jugendkirche geben oder eine international gepr\u00e4gte Gemeinde? Solche Initiativen k\u00f6nnten wir sofort aufnehmen und finanziell unterst\u00fctzen\u00bb, betonte der Theologe. Auch in den Sozialen Medien geschehe Verk\u00fcndigung und Seelsorge: \u00abIst das nicht auch schon Gemeinde?\u00bb<\/p>\n<p>Er halte eine solche Entwicklung in den n\u00e4chsten 20 bis 30 Jahren f\u00fcr m\u00f6glich, sagte Meister. \u00abSie wird nat\u00fcrlich f\u00fcr diejenigen unter uns, die wir die Kirche als Institution repr\u00e4sentieren, erst einmal schwierig und schmerzhaft sein.\u00bb Doch in der im vergangenen Jahr verabschiedeten neuen Kirchenverfassung der hannoverschen Landeskirche seien die entsprechenden Voraussetzungen daf\u00fcr geschaffen worden. \u00abMein Wunsch ist, unsere Verfassung so offen und liberal auszulegen, dass auch andere Gemeindeformen in unserer Kirche akzeptiert werden\u00bb, betonte der Bischof: \u00abDas w\u00fcrde auch uns neu beleben.\u00bb<\/p>\n<p>Source: Kirche-Oldenburg<\/p>\n","protected":false},"excerpt":{"rendered":"<p>Der evangelische Landesbischof Ralf Meister aus Hannover h\u00e4lt Kirchengemeinden mit evangelischen und katholischen Christen in der Zukunft f\u00fcr m\u00f6glich. Sein katholischer Amtskollege Heiner Wilmer aus Hildesheim begr\u00fc\u00dfte seine \u00dcberlegungen. Hannover (epd). Der hannoversche Landesbischof Ralf Meister h\u00e4lt f\u00fcr die Zukunft Kirchengemeinden mit evangelischen und katholischen Christen unter einem Dach f\u00fcr m\u00f6glich. \u00abViele Menschen fragen schon heute nicht mehr danach, ob jemand evangelisch oder katholisch ist, sondern nur, ob er Christ oder Christin ist\u00bb, sagte er im Gespr\u00e4ch mit dem Evangelischen Pressedienst (epd). Der katholische Hildesheimer Bischof Heiner Wilmer begr\u00fc\u00dfte die \u00dcberlegungen seines evangelischen Amtskollegen. \u00abIch bin der festen Auffassung, dass&#8230;<\/p>\n","protected":false},"author":7,"featured_media":0,"comment_status":"false","ping_status":"open","sticky":false,"template":"","format":"standard","meta":{"footnotes":""},"categories":[43],"tags":[44],"class_list":["post-13418","post","type-post","status-publish","format-standard","hentry","category-kirche-oldenburg","tag-kirche-oldenburg"],"_links":{"self":[{"href":"https:\/\/christusnews.de\/site\/wp-json\/wp\/v2\/posts\/13418","targetHints":{"allow":["GET"]}}],"collection":[{"href":"https:\/\/christusnews.de\/site\/wp-json\/wp\/v2\/posts"}],"about":[{"href":"https:\/\/christusnews.de\/site\/wp-json\/wp\/v2\/types\/post"}],"author":[{"embeddable":true,"href":"https:\/\/christusnews.de\/site\/wp-json\/wp\/v2\/users\/7"}],"replies":[{"embeddable":true,"href":"https:\/\/christusnews.de\/site\/wp-json\/wp\/v2\/comments?post=13418"}],"version-history":[{"count":0,"href":"https:\/\/christusnews.de\/site\/wp-json\/wp\/v2\/posts\/13418\/revisions"}],"wp:attachment":[{"href":"https:\/\/christusnews.de\/site\/wp-json\/wp\/v2\/media?parent=13418"}],"wp:term":[{"taxonomy":"category","embeddable":true,"href":"https:\/\/christusnews.de\/site\/wp-json\/wp\/v2\/categories?post=13418"},{"taxonomy":"post_tag","embeddable":true,"href":"https:\/\/christusnews.de\/site\/wp-json\/wp\/v2\/tags?post=13418"}],"curies":[{"name":"wp","href":"https:\/\/api.w.org\/{rel}","templated":true}]}}