{"id":14094,"date":"2020-04-04T18:00:00","date_gmt":"2020-04-04T16:00:00","guid":{"rendered":"https:\/\/christusnews.de\/site\/?p=14094"},"modified":"2020-04-04T18:00:00","modified_gmt":"2020-04-04T16:00:00","slug":"abendgebet-im-online-streaming-aus-varel","status":"publish","type":"post","link":"https:\/\/christusnews.de\/site\/abendgebet-im-online-streaming-aus-varel\/","title":{"rendered":"Abendgebet im Online-Streaming aus Varel"},"content":{"rendered":"<p>Auch am kommenden Sonntag k\u00f6nnen in Varel leider keine Gottesdienste stattfinden. Daher l\u00e4dt die Ev.-luth. Kirchengemeinde Varel am Samstag, 4. April 2020, um 18 Uhr zu einem Abendgebet zum Palmsonntag ein. Etwa 20 Minuten wird die Andacht live aus der Schlosskirche auf Instagram \u00fcbertragen. Kantor Thomas Meyer-Bauer und Pastor Tom Brok gestalten die Andacht gemeinsam. Um die \u00dcbertragung zu sehen, braucht man die App Instagram auf dem Handy.<br \/> <a href=\"https:\/\/www.instagram.com\/evangelisch_in_varel\/\">https:\/\/www.instagram.com\/evangelisch_in_varel\/<\/a>&nbsp;<br \/> &nbsp;<br \/> Am Sonntagmorgen werden wieder von 10 bis 10.10 Uhr die Glocken der Kirchen l\u00e4uten und folgende Pastoren sind am Telefon f\u00fcr Gespr\u00e4ch und Segen erreichbar: Pastor Martin Kubatta, Tel.: 861125, Pastor Edgar Rebbe: Tel.: 36 37, Pastor Peter L\u00f6ffel, Tel.: 83765.<br \/> &nbsp;<br \/> Ein Textheft f\u00fcr ein Abendgebet zu Hause am Palmsonntag ist ab Freitag auf der Internetseite www.ev-kirche-varel.de abrufbar. Es kann auch in den Briefkasten per Telefon bestellt werden (Tel.: 803570).<\/p>\n<p>Source: Kirche-Oldenburg<\/p>\n","protected":false},"excerpt":{"rendered":"<p>Auch am kommenden Sonntag k\u00f6nnen in Varel leider keine Gottesdienste stattfinden. Daher l\u00e4dt die Ev.-luth. Kirchengemeinde Varel am Samstag, 4. April 2020, um 18 Uhr zu einem Abendgebet zum Palmsonntag ein. Etwa 20 Minuten wird die Andacht live aus der Schlosskirche auf Instagram \u00fcbertragen. Kantor Thomas Meyer-Bauer und Pastor Tom Brok gestalten die Andacht gemeinsam. Um die \u00dcbertragung zu sehen, braucht man die App Instagram auf dem Handy. https:\/\/www.instagram.com\/evangelisch_in_varel\/&nbsp; &nbsp; Am Sonntagmorgen werden wieder von 10 bis 10.10 Uhr die Glocken der Kirchen l\u00e4uten und folgende Pastoren sind am Telefon f\u00fcr Gespr\u00e4ch und Segen erreichbar: Pastor Martin Kubatta, Tel.: 861125,&#8230;<\/p>\n","protected":false},"author":7,"featured_media":0,"comment_status":"false","ping_status":"open","sticky":false,"template":"","format":"standard","meta":{"footnotes":""},"categories":[43],"tags":[44],"class_list":["post-14094","post","type-post","status-publish","format-standard","hentry","category-kirche-oldenburg","tag-kirche-oldenburg"],"_links":{"self":[{"href":"https:\/\/christusnews.de\/site\/wp-json\/wp\/v2\/posts\/14094","targetHints":{"allow":["GET"]}}],"collection":[{"href":"https:\/\/christusnews.de\/site\/wp-json\/wp\/v2\/posts"}],"about":[{"href":"https:\/\/christusnews.de\/site\/wp-json\/wp\/v2\/types\/post"}],"author":[{"embeddable":true,"href":"https:\/\/christusnews.de\/site\/wp-json\/wp\/v2\/users\/7"}],"replies":[{"embeddable":true,"href":"https:\/\/christusnews.de\/site\/wp-json\/wp\/v2\/comments?post=14094"}],"version-history":[{"count":0,"href":"https:\/\/christusnews.de\/site\/wp-json\/wp\/v2\/posts\/14094\/revisions"}],"wp:attachment":[{"href":"https:\/\/christusnews.de\/site\/wp-json\/wp\/v2\/media?parent=14094"}],"wp:term":[{"taxonomy":"category","embeddable":true,"href":"https:\/\/christusnews.de\/site\/wp-json\/wp\/v2\/categories?post=14094"},{"taxonomy":"post_tag","embeddable":true,"href":"https:\/\/christusnews.de\/site\/wp-json\/wp\/v2\/tags?post=14094"}],"curies":[{"name":"wp","href":"https:\/\/api.w.org\/{rel}","templated":true}]}}