{"id":14292,"date":"2020-04-17T12:54:41","date_gmt":"2020-04-17T10:54:41","guid":{"rendered":"https:\/\/christusnews.de\/site\/oekumenisches-glockenlaeuten-1930-uhr-wird-fortgesetzt\/"},"modified":"2020-04-17T12:54:41","modified_gmt":"2020-04-17T10:54:41","slug":"oekumenisches-glockenlaeuten-1930-uhr-wird-fortgesetzt","status":"publish","type":"post","link":"https:\/\/christusnews.de\/site\/oekumenisches-glockenlaeuten-1930-uhr-wird-fortgesetzt\/","title":{"rendered":"\u00d6kumenisches Glockenl\u00e4uten 19:30 Uhr wird fortgesetzt"},"content":{"rendered":"<p>Die Katholische und die Evangelische Kirche in Delmenhorst werden auch weiterhin jeden Tag um 19:30 Uhr f\u00fcr 5 Minuten ihre Glocken l\u00e4uten. Die christlichen Kirchen haben sich auch f\u00fcr die noch vor uns liegende Zeit der Corona-Pandemie verabredet, von allen Kircht\u00fcrmen, von denen das m\u00f6glich ist, zu dieser Zeit die Glocken als Zeichen der Solidarit\u00e4t und der Hoffnung erklingen zu lassen.<\/p>\n<p>Tag f\u00fcr Tag gibt es neue Regelungen, neue Probleme, neue Fragen. Da bleibt bei aller Unsicherheit und Nervosit\u00e4t oft etwas ganz Wichtiges auf der Strecke: N\u00e4mlich die Ruhe und der eigene innere Frieden.<\/p>\n<p>Mit dem gemeinsamen allabendlichen Glockenl\u00e4uten wollen die christlichen Kirchen alle Menschen in Delmenhorst, egal ob Christ, Moslem, Jude oder Atheist einladen, diese 5 Minuten in Stille f\u00fcr sich selbst und andere zu nutzen. Wer m\u00f6chte, nutze die Zeit f\u00fcr ein Gebet f\u00fcr die Erkrankten und f\u00fcr die, die Angst vor Corona haben und seine Folgen. Wer kann, denke an das was Hoffnung macht in dieser Situation. Und wer will, danke den \u00c4rzten und Pflegekr\u00e4ften, die alles daf\u00fcr tun, dass wir die Pandemie gut \u00fcberstehen. Gebetsanregungen und Impulse f\u00fcr Gottesdienste zu Hause finden sich auf den Homepages der katholischen und evangelischen Kirchengemeinden und liegen in den kath. Kirchen zum Mitnehmen aus.<\/p>\n<p>Die Katholische und die Evangelische Kirche hoffen, dass durch dieses gemeinsame allabendliche Glockenl\u00e4uten die Menschen in Delmenhorst enger zusammenr\u00fccken trotz Abstandhalten.<\/p>\n<p>Source: Kirche-Oldenburg<\/p>\n","protected":false},"excerpt":{"rendered":"<p>Die Katholische und die Evangelische Kirche in Delmenhorst werden auch weiterhin jeden Tag um 19:30 Uhr f\u00fcr 5 Minuten ihre Glocken l\u00e4uten. Die christlichen Kirchen haben sich auch f\u00fcr die noch vor uns liegende Zeit der Corona-Pandemie verabredet, von allen Kircht\u00fcrmen, von denen das m\u00f6glich ist, zu dieser Zeit die Glocken als Zeichen der Solidarit\u00e4t und der Hoffnung erklingen zu lassen. Tag f\u00fcr Tag gibt es neue Regelungen, neue Probleme, neue Fragen. Da bleibt bei aller Unsicherheit und Nervosit\u00e4t oft etwas ganz Wichtiges auf der Strecke: N\u00e4mlich die Ruhe und der eigene innere Frieden. Mit dem gemeinsamen allabendlichen Glockenl\u00e4uten wollen&#8230;<\/p>\n","protected":false},"author":7,"featured_media":0,"comment_status":"false","ping_status":"open","sticky":false,"template":"","format":"standard","meta":{"footnotes":""},"categories":[43],"tags":[44],"class_list":["post-14292","post","type-post","status-publish","format-standard","hentry","category-kirche-oldenburg","tag-kirche-oldenburg"],"_links":{"self":[{"href":"https:\/\/christusnews.de\/site\/wp-json\/wp\/v2\/posts\/14292","targetHints":{"allow":["GET"]}}],"collection":[{"href":"https:\/\/christusnews.de\/site\/wp-json\/wp\/v2\/posts"}],"about":[{"href":"https:\/\/christusnews.de\/site\/wp-json\/wp\/v2\/types\/post"}],"author":[{"embeddable":true,"href":"https:\/\/christusnews.de\/site\/wp-json\/wp\/v2\/users\/7"}],"replies":[{"embeddable":true,"href":"https:\/\/christusnews.de\/site\/wp-json\/wp\/v2\/comments?post=14292"}],"version-history":[{"count":0,"href":"https:\/\/christusnews.de\/site\/wp-json\/wp\/v2\/posts\/14292\/revisions"}],"wp:attachment":[{"href":"https:\/\/christusnews.de\/site\/wp-json\/wp\/v2\/media?parent=14292"}],"wp:term":[{"taxonomy":"category","embeddable":true,"href":"https:\/\/christusnews.de\/site\/wp-json\/wp\/v2\/categories?post=14292"},{"taxonomy":"post_tag","embeddable":true,"href":"https:\/\/christusnews.de\/site\/wp-json\/wp\/v2\/tags?post=14292"}],"curies":[{"name":"wp","href":"https:\/\/api.w.org\/{rel}","templated":true}]}}