{"id":14757,"date":"2020-06-15T12:05:00","date_gmt":"2020-06-15T10:05:00","guid":{"rendered":"https:\/\/christusnews.de\/site\/organisationen-fordern-corona-lockerungen-fuer-jugendarbeit\/"},"modified":"2020-06-15T12:05:00","modified_gmt":"2020-06-15T10:05:00","slug":"organisationen-fordern-corona-lockerungen-fuer-jugendarbeit","status":"publish","type":"post","link":"https:\/\/christusnews.de\/site\/organisationen-fordern-corona-lockerungen-fuer-jugendarbeit\/","title":{"rendered":"Organisationen fordern Corona-Lockerungen f\u00fcr Jugendarbeit"},"content":{"rendered":"<p>Hannover (epd). Mit einem gemeinsamen offenen Brief haben Verb\u00e4nde der Jugendarbeit an Ministerpr\u00e4sident Stephan Weil (SPD) gewandt und ihn aufgefordert, die im Vergleich zu anderen gesellschaftlichen Bereichen sehr strengen Auflagen f\u00fcr Jugendarbeit angesichts der Corona-Pandemie zu lockern. \u00abW\u00e4hrend Erwachsene im Fitnessstudio trainieren, Restaurants, Bars und Caf\u00e9s besuchen und touristische Reisen unternehmen k\u00f6nnen, bleibt jungen Menschen die die Teilhabe an gesellschaftlichen Aktivit\u00e4ten ohne ihre Eltern weitestgehend verwehrt\u00bb, hei\u00dft es in dem am Montag ver\u00f6ffentlichten Schreiben.<\/p>\n<p>Insbesondere in den nahenden Sommerferien werde sich dieses Problem noch einmal versch\u00e4rfen, bem\u00e4ngeln der Landesjugendring, die Sportjugend, das Parit\u00e4tische Jugendwerk und die Landesarbeitsgemeinschaft offene Kinder- und Jugendarbeit. Eltern seien auf nicht kommerzielle Freizeit- und Betreuungsangebote f\u00fcr ihre Kinder angewiesen und junge Menschen h\u00e4tten das dringende Bed\u00fcrfnis, sich mit Gleichaltrigen zu treffen und ihre Ferien gemeinsam zu verbringen.<\/p>\n<p>Die Tr\u00e4ger der Kinder- und Jugendarbeit bekr\u00e4ftigen, sich ihrer Verantwortung sowohl f\u00fcr die jungen Menschen als auch bei der Eind\u00e4mmung der Corona-Pandemie bewusst zu sein, und kritisieren, dass es mit den aktuellen Vorgaben der Corona-Verordnung des Landes kaum m\u00f6glich sei, entsprechende Angebote f\u00fcr die Sommerferien zu planen. Sie verweisen in diesem Zusammenhang auf die Regelungen in den anderen Bundesl\u00e4ndern und vergleichen diese auch mit den Vorgaben f\u00fcr andere gesellschaftliche Bereiche in Niedersachsen.<\/p>\n<p>Auf dieser Grundlage fordern sie vom Ministerpr\u00e4sidenten, in der Verordnung, die am 22. Juni in Kraft treten soll unter anderem, die Beschr\u00e4nkung der Gruppengr\u00f6\u00dfe auf zehn Personen bei Angeboten der Jugendarbeit aufzuheben, da diese ohnehin durch Abstands- und Hygienekonzepte in der jeweiligen Situation begrenzt sei. Auch sollten Angebote der Kinder- und Jugendarbeit mit \u00dcbernachtungen unter Einhaltung eines entsprechenden Schutzkonzeptes erm\u00f6glicht werden. Abschlie\u00dfend appellieren die Organisationen an den Ministerpr\u00e4sidenten, schnell Planungssicherheit f\u00fcr Angebote in den Sommerferien zu schaffen.<\/p>\n<p>Source: Kirche-Oldenburg<\/p>\n","protected":false},"excerpt":{"rendered":"<p>Hannover (epd). Mit einem gemeinsamen offenen Brief haben Verb\u00e4nde der Jugendarbeit an Ministerpr\u00e4sident Stephan Weil (SPD) gewandt und ihn aufgefordert, die im Vergleich zu anderen gesellschaftlichen Bereichen sehr strengen Auflagen f\u00fcr Jugendarbeit angesichts der Corona-Pandemie zu lockern. \u00abW\u00e4hrend Erwachsene im Fitnessstudio trainieren, Restaurants, Bars und Caf\u00e9s besuchen und touristische Reisen unternehmen k\u00f6nnen, bleibt jungen Menschen die die Teilhabe an gesellschaftlichen Aktivit\u00e4ten ohne ihre Eltern weitestgehend verwehrt\u00bb, hei\u00dft es in dem am Montag ver\u00f6ffentlichten Schreiben. Insbesondere in den nahenden Sommerferien werde sich dieses Problem noch einmal versch\u00e4rfen, bem\u00e4ngeln der Landesjugendring, die Sportjugend, das Parit\u00e4tische Jugendwerk und die Landesarbeitsgemeinschaft offene Kinder- und&#8230;<\/p>\n","protected":false},"author":7,"featured_media":0,"comment_status":"false","ping_status":"open","sticky":false,"template":"","format":"standard","meta":{"footnotes":""},"categories":[43],"tags":[44],"class_list":["post-14757","post","type-post","status-publish","format-standard","hentry","category-kirche-oldenburg","tag-kirche-oldenburg"],"_links":{"self":[{"href":"https:\/\/christusnews.de\/site\/wp-json\/wp\/v2\/posts\/14757","targetHints":{"allow":["GET"]}}],"collection":[{"href":"https:\/\/christusnews.de\/site\/wp-json\/wp\/v2\/posts"}],"about":[{"href":"https:\/\/christusnews.de\/site\/wp-json\/wp\/v2\/types\/post"}],"author":[{"embeddable":true,"href":"https:\/\/christusnews.de\/site\/wp-json\/wp\/v2\/users\/7"}],"replies":[{"embeddable":true,"href":"https:\/\/christusnews.de\/site\/wp-json\/wp\/v2\/comments?post=14757"}],"version-history":[{"count":0,"href":"https:\/\/christusnews.de\/site\/wp-json\/wp\/v2\/posts\/14757\/revisions"}],"wp:attachment":[{"href":"https:\/\/christusnews.de\/site\/wp-json\/wp\/v2\/media?parent=14757"}],"wp:term":[{"taxonomy":"category","embeddable":true,"href":"https:\/\/christusnews.de\/site\/wp-json\/wp\/v2\/categories?post=14757"},{"taxonomy":"post_tag","embeddable":true,"href":"https:\/\/christusnews.de\/site\/wp-json\/wp\/v2\/tags?post=14757"}],"curies":[{"name":"wp","href":"https:\/\/api.w.org\/{rel}","templated":true}]}}