{"id":14873,"date":"2020-07-09T15:39:00","date_gmt":"2020-07-09T13:39:00","guid":{"rendered":"https:\/\/christusnews.de\/site\/ev-kita-heidmuehle-im-landkreis-friesland-mit-kinderschutzkonzept\/"},"modified":"2020-07-09T15:39:00","modified_gmt":"2020-07-09T13:39:00","slug":"ev-kita-heidmuehle-im-landkreis-friesland-mit-kinderschutzkonzept","status":"publish","type":"post","link":"https:\/\/christusnews.de\/site\/ev-kita-heidmuehle-im-landkreis-friesland-mit-kinderschutzkonzept\/","title":{"rendered":"Ev. Kita Heidm\u00fchle im Landkreis Friesland mit Kinderschutzkonzept"},"content":{"rendered":"<p>Als es im M\u00e4rz von einem auf den anderen Tag ruhig wurde in den Kindertagesst\u00e4tten, weil m\u00f6glichst alle Kinder zu Hause bleiben sollten, um eine Ausbreitung des Corona-Virus zu verhindern, da nutzten viele Erzieher und Erzieherinnen die Zeit, um gr\u00fcndlich aufzur\u00e4umen. So war es auch in der evangelischen Kindertagesst\u00e4tte in Heidm\u00fchle im Landkreis Friesland \u2013 bis klar war, dass es l\u00e4nger dauern w\u00fcrde, bis die Kinder in die Einrichtung zur\u00fcckkehren k\u00f6nnten. Diese Zeit wurde sofort genutzt: \u201eWir haben an unserer konzeptionellen Entwicklung gearbeitet und das Kinderschutzkonzept auf den Weg gebracht\u201c, erkl\u00e4rt Kita-Leiterin Angela Andersen.&nbsp;<br \/> &nbsp; &nbsp;<br \/> Das Kinderschutzkonzept fu\u00dft auf den gesetzlichen Grundlagen, die im Grundgesetz, im Bundeskinderschutzgesetz und in der UN-Kinderrechtskonvention vorgegeben ist. Diese bilden den Rahmen, doch jede Einrichtung muss die allgemeinen Vorgaben f\u00fcr das eigene Haus quasi \u00fcbersetzen. Dabei ist in der ev. Kindertagesst\u00e4tte Heidm\u00fchle ein Leitbild entstanden, das das Miteinander in der Einrichtung regelt, in der in \u201enormalen Zeiten\u201c rund 115 Kinder aus etwa zehn Nationen betreut werden.&nbsp;<br \/> &nbsp; &nbsp;<\/p>\n<p>\u201eUnser Konzept ruht auf vier S\u00e4ulen, es geht um das Kindeswohl und um Verfahren beim Verdacht auf die Gef\u00e4hrdung des Kindeswohls, es geht um Beteiligung und Beschwerdeverfahren, um Qualit\u00e4tsentwicklung und nat\u00fcrlich auch um ein sexualp\u00e4dagogisches Konzept, damit Kinder sich mit ihrer Rolle als M\u00e4dchen oder als Junge auseinandersetzen k\u00f6nnen\u201c, erkl\u00e4rt Andersen.&nbsp;<\/p>\n<p>Dass Kinder Rechte haben, das ist den meisten irgendwie bewusst, im Alltag ger\u00e4t das aber gerne schon mal in den Hintergrund. Erst im Jahr 2000 wurde das Recht der Kinder auf gewaltfreie Erziehung per Gesetz formuliert. F\u00fcr Eltern, aber auch Gro\u00dfeltern oder Erzieherinnen und Erzieher ist es dennoch immer wieder ein Lernprozess, haben sie doch selber meist noch eine ganz andere Erziehung genossen. Umso wichtiger sei es, das eigene Verhalten immer wieder zu reflektieren, sagt die Leiterin.&nbsp;<\/p>\n<p>In der Kindertagesst\u00e4tte wird ganz besonders darauf geachtet, die W\u00fcrde des Kindes nicht zu verletzen und die Anlagen des Kindes zu f\u00f6rdern. Dabei sei die Zusammenarbeit mit den Eltern von gro\u00dfer Bedeutung, sagt Andersen. Alle Kinder haben \u201edas Recht auf eine sichere Einrichtung\u201c, hei\u00dft es in dem Konzept. Hierbei geht es nicht nur um das Abwenden von k\u00f6rperlicher Gewalt, vielmehr sollen die M\u00e4dchen und Jungen auch sp\u00fcren, dass Abh\u00e4ngigkeiten nicht ausgenutzt werden und verbale Gewalt in Form von Abwertungen, Blo\u00dfstellungen oder Diskriminierungen keine Chance haben. Jedes Kind hat seinen ganz eigenen Wert, wird angenommen, so wie es ist.&nbsp;<\/p>\n<p>\u201eWichtig ist uns die Vermittlung eines christlichen Menschenbildes, bei dem alle gleich wertvoll sind\u201c, sagt die Kita-Leiterin. Dabei soll jedes Kind in seiner Individualit\u00e4t gesch\u00e4tzt und unterst\u00fctzt werden, jedes Kind soll sich als wertvoll erleben. Als Beispiel nennt sie das \u201earmutssensible Handeln\u201c, das in der Kita Heidm\u00fchle von gro\u00dfer Bedeutung sei.&nbsp;<\/p>\n<p>Im Einzugsgebiet leben Familien mit gutem Einkommen genauso wie Haushalte, in denen es gerade eben ausreicht. Da gelte es, mit gro\u00dfem Fingerspitzengef\u00fchl zu \u00fcberlegen, wie man welche Aktionen gestalten k\u00f6nne, dass solche Unterschiede nicht immer wieder zum Tragen k\u00e4men. \u201eKindergeburtstage zum Beispiel: in vielen Einrichtungen ist es \u00fcblich, dass Kinder dazu etwas mitbringen.&nbsp;<\/p>\n<p>Wir verzichten darauf lieber und erleben, dass Kinder dennoch sehr viel Freude an ihrem Geburtstag haben. Da wird gesungen und das Geburtstagskind steht im Mittelpunkt und genie\u00dft das \u2013 ein Erlebnis, dass jedes Kind einmal im Jahr hat. Es darf eben nicht darum gehen, wer besonders viel Kuchen oder S\u00fc\u00dfigkeiten mitbringen kann\u201c, erl\u00e4utert die Kita-Leiterin.&nbsp;<\/p>\n<p>Wichtig sei es auch, den Kindern eine gute Beteiligungskultur zu vermitteln, Mitsprache bei den Entscheidungen des Alltags zu erm\u00f6glichen und das Recht sich zu beschweren und Verbesserungsvorschl\u00e4ge zu machen, sagt Andersen. Das Kinderschutzkonzept, aus dem hier nur nat\u00fcrlich nur beispielhaft berichtet werden kann, wurde vor kurzem vom Gemeindekirchenrat als Tr\u00e4ger der Einrichtung beschlossen und ist in der Kita einsehbar.&nbsp;<\/p>\n<p><em>Ein Beitrag von Annette Kellin.<\/em><br \/> &nbsp;<\/p>\n<p>Source: Kirche-Oldenburg<\/p>\n","protected":false},"excerpt":{"rendered":"<p>Als es im M\u00e4rz von einem auf den anderen Tag ruhig wurde in den Kindertagesst\u00e4tten, weil m\u00f6glichst alle Kinder zu Hause bleiben sollten, um eine Ausbreitung des Corona-Virus zu verhindern, da nutzten viele Erzieher und Erzieherinnen die Zeit, um gr\u00fcndlich aufzur\u00e4umen. So war es auch in der evangelischen Kindertagesst\u00e4tte in Heidm\u00fchle im Landkreis Friesland \u2013 bis klar war, dass es l\u00e4nger dauern w\u00fcrde, bis die Kinder in die Einrichtung zur\u00fcckkehren k\u00f6nnten. Diese Zeit wurde sofort genutzt: \u201eWir haben an unserer konzeptionellen Entwicklung gearbeitet und das Kinderschutzkonzept auf den Weg gebracht\u201c, erkl\u00e4rt Kita-Leiterin Angela Andersen.&nbsp; &nbsp; &nbsp; Das Kinderschutzkonzept fu\u00dft auf&#8230;<\/p>\n","protected":false},"author":7,"featured_media":0,"comment_status":"false","ping_status":"open","sticky":false,"template":"","format":"standard","meta":{"footnotes":""},"categories":[43],"tags":[44],"class_list":["post-14873","post","type-post","status-publish","format-standard","hentry","category-kirche-oldenburg","tag-kirche-oldenburg"],"_links":{"self":[{"href":"https:\/\/christusnews.de\/site\/wp-json\/wp\/v2\/posts\/14873","targetHints":{"allow":["GET"]}}],"collection":[{"href":"https:\/\/christusnews.de\/site\/wp-json\/wp\/v2\/posts"}],"about":[{"href":"https:\/\/christusnews.de\/site\/wp-json\/wp\/v2\/types\/post"}],"author":[{"embeddable":true,"href":"https:\/\/christusnews.de\/site\/wp-json\/wp\/v2\/users\/7"}],"replies":[{"embeddable":true,"href":"https:\/\/christusnews.de\/site\/wp-json\/wp\/v2\/comments?post=14873"}],"version-history":[{"count":0,"href":"https:\/\/christusnews.de\/site\/wp-json\/wp\/v2\/posts\/14873\/revisions"}],"wp:attachment":[{"href":"https:\/\/christusnews.de\/site\/wp-json\/wp\/v2\/media?parent=14873"}],"wp:term":[{"taxonomy":"category","embeddable":true,"href":"https:\/\/christusnews.de\/site\/wp-json\/wp\/v2\/categories?post=14873"},{"taxonomy":"post_tag","embeddable":true,"href":"https:\/\/christusnews.de\/site\/wp-json\/wp\/v2\/tags?post=14873"}],"curies":[{"name":"wp","href":"https:\/\/api.w.org\/{rel}","templated":true}]}}