{"id":15080,"date":"2020-08-10T08:08:00","date_gmt":"2020-08-10T06:08:00","guid":{"rendered":"https:\/\/christusnews.de\/site\/stadt-lohne-plant-wald-der-schoenen-erinnerungen\/"},"modified":"2020-08-10T08:08:00","modified_gmt":"2020-08-10T06:08:00","slug":"stadt-lohne-plant-wald-der-schoenen-erinnerungen","status":"publish","type":"post","link":"https:\/\/christusnews.de\/site\/stadt-lohne-plant-wald-der-schoenen-erinnerungen\/","title":{"rendered":"Stadt Lohne plant \u00abWald der sch\u00f6nen Erinnerungen\u00bb"},"content":{"rendered":"<p>Lohne\/Kr. Vechta (epd). Die nieders\u00e4chsische Stadt Lohne plant f\u00fcr ihre B\u00fcrger einen \u00abWald der sch\u00f6nen Erinnerungen\u00bb. Bei einer ersten Pflanzaktion voraussichtlich im November sollen 30 B\u00e4ume gesetzt werden, wie die Stadt am Montag mitteilte. Anl\u00e4sse k\u00f6nnten runde Geburtstage ab 50 Jahre, Geburten sowie Eheschlie\u00dfungen oder -jubil\u00e4en ab einer Silberhochzeit sein. Die Pflanzung eines Baumes aufgrund eines religi\u00f6sen Anlasses wie einer Taufe oder einer Erstkommunion sei nicht m\u00f6glich. Der Erinnerungswald entsteht am s\u00fcdlichen Stadtrand (Hopener Wald). B\u00e4ume k\u00f6nnen selbst gebucht oder verschenkt werden.<\/p>\n<p> Zur Auswahl stehen Rotbuchen, Spitzahorn, Stieleichen, Winterlinden, Ebereschen, Hainbuchen oder Vogelkirschen. Damit jeder Pate seinen Baum wiederfinden kann, sollen Namensplaketten angebracht werden. \u00abF\u00fcr 75 Euro k\u00f6nnen Interessierte einen Baum f\u00fcr ihr Lebensereignis reservieren\u00bb, hie\u00df es. Anmeldeschluss f\u00fcr die erste Pflanzserie sei der 1. Oktober. Im kommenden Jahr solle die Aktion wiederholt werden.<\/p>\n<p> Zur Verf\u00fcgung stehe eine Fl\u00e4che f\u00fcr maximal 300 B\u00e4ume, sagte Stadtsprecher Christian Tombr\u00e4gel dem Evangelischen Pressedienst (epd). Um von der Nachfrage nicht \u00fcberrollt zu werden, habe man nach langer Diskussion religi\u00f6se Anl\u00e4sse ausgeschlossen. \u00abWir denken, dass auch die ersten 30 B\u00e4ume schnell weg sein werden.\u00bb<\/p>\n<p> Mit der Idee wendet sich die Stadt unter anderem an Menschen, die keinen Garten oder in ihrem Gr\u00fcn nicht gen\u00fcgend Platz f\u00fcr einen gro\u00df wachsenden Baum haben. \u00abIch freue mich, dass wir damit im Hopener Wald einen weiteren attraktiven Ort zum Verweilen und zum Erinnern schaffen und gleichzeitig auch etwas f\u00fcr den Klimaschutz tun k\u00f6nnen\u00bb, sagte B\u00fcrgermeister Tobias Gerdesmeyer (CDU).<\/p>\n<p>Source: Kirche-Oldenburg<\/p>\n","protected":false},"excerpt":{"rendered":"<p>Lohne\/Kr. Vechta (epd). Die nieders\u00e4chsische Stadt Lohne plant f\u00fcr ihre B\u00fcrger einen \u00abWald der sch\u00f6nen Erinnerungen\u00bb. Bei einer ersten Pflanzaktion voraussichtlich im November sollen 30 B\u00e4ume gesetzt werden, wie die Stadt am Montag mitteilte. Anl\u00e4sse k\u00f6nnten runde Geburtstage ab 50 Jahre, Geburten sowie Eheschlie\u00dfungen oder -jubil\u00e4en ab einer Silberhochzeit sein. Die Pflanzung eines Baumes aufgrund eines religi\u00f6sen Anlasses wie einer Taufe oder einer Erstkommunion sei nicht m\u00f6glich. Der Erinnerungswald entsteht am s\u00fcdlichen Stadtrand (Hopener Wald). B\u00e4ume k\u00f6nnen selbst gebucht oder verschenkt werden. Zur Auswahl stehen Rotbuchen, Spitzahorn, Stieleichen, Winterlinden, Ebereschen, Hainbuchen oder Vogelkirschen. Damit jeder Pate seinen Baum wiederfinden kann,&#8230;<\/p>\n","protected":false},"author":7,"featured_media":0,"comment_status":"false","ping_status":"open","sticky":false,"template":"","format":"standard","meta":{"footnotes":""},"categories":[43],"tags":[44],"class_list":["post-15080","post","type-post","status-publish","format-standard","hentry","category-kirche-oldenburg","tag-kirche-oldenburg"],"_links":{"self":[{"href":"https:\/\/christusnews.de\/site\/wp-json\/wp\/v2\/posts\/15080","targetHints":{"allow":["GET"]}}],"collection":[{"href":"https:\/\/christusnews.de\/site\/wp-json\/wp\/v2\/posts"}],"about":[{"href":"https:\/\/christusnews.de\/site\/wp-json\/wp\/v2\/types\/post"}],"author":[{"embeddable":true,"href":"https:\/\/christusnews.de\/site\/wp-json\/wp\/v2\/users\/7"}],"replies":[{"embeddable":true,"href":"https:\/\/christusnews.de\/site\/wp-json\/wp\/v2\/comments?post=15080"}],"version-history":[{"count":0,"href":"https:\/\/christusnews.de\/site\/wp-json\/wp\/v2\/posts\/15080\/revisions"}],"wp:attachment":[{"href":"https:\/\/christusnews.de\/site\/wp-json\/wp\/v2\/media?parent=15080"}],"wp:term":[{"taxonomy":"category","embeddable":true,"href":"https:\/\/christusnews.de\/site\/wp-json\/wp\/v2\/categories?post=15080"},{"taxonomy":"post_tag","embeddable":true,"href":"https:\/\/christusnews.de\/site\/wp-json\/wp\/v2\/tags?post=15080"}],"curies":[{"name":"wp","href":"https:\/\/api.w.org\/{rel}","templated":true}]}}