{"id":15081,"date":"2020-08-11T07:21:00","date_gmt":"2020-08-11T05:21:00","guid":{"rendered":"https:\/\/christusnews.de\/site\/reimann-unterstuetzt-bischof-meister-bei-sterbehilfe-debatte\/"},"modified":"2020-08-11T07:21:00","modified_gmt":"2020-08-11T05:21:00","slug":"reimann-unterstuetzt-bischof-meister-bei-sterbehilfe-debatte","status":"publish","type":"post","link":"https:\/\/christusnews.de\/site\/reimann-unterstuetzt-bischof-meister-bei-sterbehilfe-debatte\/","title":{"rendered":"Reimann unterst\u00fctzt Bischof Meister bei Sterbehilfe-Debatte"},"content":{"rendered":"<p>Hannover (epd). In der Debatte um eine Neuregelung der Sterbehilfe in Deutschland unterst\u00fctzt Niedersachsens Sozialministerin Carola Reimann (SPD) \u00c4u\u00dferungen des hannoverschen Landesbischofs Ralf Meister zu einem Recht auf Selbstt\u00f6tung. \u00abIch begr\u00fc\u00dfe es sehr, dass Landesbischof Meister die Debatte \u00fcber ein selbstbestimmtes Ende des Lebens wieder in die \u00d6ffentlichkeit tr\u00e4gt\u00bb, sagte die Politikerin am Dienstag in Hannover.<\/p>\n<p> Nachdem das Bundesverfassungsgericht im Februar ein bestehendes Verbot der gesch\u00e4ftsm\u00e4\u00dfigen Sterbehilfe f\u00fcr verfassungswidrig erkl\u00e4rt habe, sei es umso wichtiger, eine gesamtgesellschaftliche Debatte \u00fcber das Thema zu f\u00fchren. \u00abF\u00fcr mich pers\u00f6nlich kann es dabei nicht um aktive Sterbehilfe gehen, aber wir sollten dar\u00fcber sprechen, wie wir es Menschen auch am Ende ihres Lebens erm\u00f6glichen k\u00f6nnen, selbstbestimmt Entscheidungen zu treffen\u00bb, betonte Reimann. \u00c4rztinnen und \u00c4rzte sollten unter klar definierten Bedingungen auch t\u00f6dliche Medikamente verschreiben d\u00fcrfen, ohne daf\u00fcr strafrechtliche Konsequenzen f\u00fcrchten zu m\u00fcssen.<\/p>\n<p> \u00c4hnliches hatte Landesbischof Meister in einem Interview mit der \u00abNeuen Osnabr\u00fccker Zeitung\u00bb ge\u00e4u\u00dfert. Gesetzgeber und \u00c4rztekammer sollten dar\u00fcber sprechen, ob \u00c4rzten die Verabreichung t\u00f6dlicher Substanzen erlaubt sein solle. Zugleich betonte der evangelische Theologe, dass er gegen jede Form von gesch\u00e4ftsm\u00e4\u00dfiger Assistenz zum Suizid sei und zun\u00e4chst alles getan werden m\u00fcsse, \u00abdass ein Leben bis zum letzten Atemzug lebenswert bleibt\u00bb. Zugleich sei aber Respekt vor jenen gefordert, die den Zeitpunkt ihres Todes selbst w\u00e4hlen wollen und um angemessene Hilfe bitten.<\/p>\n<p>Source: Kirche-Oldenburg<\/p>\n","protected":false},"excerpt":{"rendered":"<p>Hannover (epd). In der Debatte um eine Neuregelung der Sterbehilfe in Deutschland unterst\u00fctzt Niedersachsens Sozialministerin Carola Reimann (SPD) \u00c4u\u00dferungen des hannoverschen Landesbischofs Ralf Meister zu einem Recht auf Selbstt\u00f6tung. \u00abIch begr\u00fc\u00dfe es sehr, dass Landesbischof Meister die Debatte \u00fcber ein selbstbestimmtes Ende des Lebens wieder in die \u00d6ffentlichkeit tr\u00e4gt\u00bb, sagte die Politikerin am Dienstag in Hannover. Nachdem das Bundesverfassungsgericht im Februar ein bestehendes Verbot der gesch\u00e4ftsm\u00e4\u00dfigen Sterbehilfe f\u00fcr verfassungswidrig erkl\u00e4rt habe, sei es umso wichtiger, eine gesamtgesellschaftliche Debatte \u00fcber das Thema zu f\u00fchren. \u00abF\u00fcr mich pers\u00f6nlich kann es dabei nicht um aktive Sterbehilfe gehen, aber wir sollten dar\u00fcber sprechen, wie&#8230;<\/p>\n","protected":false},"author":7,"featured_media":0,"comment_status":"false","ping_status":"open","sticky":false,"template":"","format":"standard","meta":{"footnotes":""},"categories":[43],"tags":[44],"class_list":["post-15081","post","type-post","status-publish","format-standard","hentry","category-kirche-oldenburg","tag-kirche-oldenburg"],"_links":{"self":[{"href":"https:\/\/christusnews.de\/site\/wp-json\/wp\/v2\/posts\/15081","targetHints":{"allow":["GET"]}}],"collection":[{"href":"https:\/\/christusnews.de\/site\/wp-json\/wp\/v2\/posts"}],"about":[{"href":"https:\/\/christusnews.de\/site\/wp-json\/wp\/v2\/types\/post"}],"author":[{"embeddable":true,"href":"https:\/\/christusnews.de\/site\/wp-json\/wp\/v2\/users\/7"}],"replies":[{"embeddable":true,"href":"https:\/\/christusnews.de\/site\/wp-json\/wp\/v2\/comments?post=15081"}],"version-history":[{"count":0,"href":"https:\/\/christusnews.de\/site\/wp-json\/wp\/v2\/posts\/15081\/revisions"}],"wp:attachment":[{"href":"https:\/\/christusnews.de\/site\/wp-json\/wp\/v2\/media?parent=15081"}],"wp:term":[{"taxonomy":"category","embeddable":true,"href":"https:\/\/christusnews.de\/site\/wp-json\/wp\/v2\/categories?post=15081"},{"taxonomy":"post_tag","embeddable":true,"href":"https:\/\/christusnews.de\/site\/wp-json\/wp\/v2\/tags?post=15081"}],"curies":[{"name":"wp","href":"https:\/\/api.w.org\/{rel}","templated":true}]}}