{"id":15566,"date":"2020-10-29T12:00:00","date_gmt":"2020-10-29T11:00:00","guid":{"rendered":"https:\/\/christusnews.de\/site\/?p=15566"},"modified":"2020-10-21T17:42:06","modified_gmt":"2020-10-21T15:42:06","slug":"kirche-und-politik","status":"publish","type":"post","link":"https:\/\/christusnews.de\/site\/kirche-und-politik\/","title":{"rendered":"Kirche und Politik"},"content":{"rendered":"\n<p>Was geh\u00f6rt f\u00fcr mich zur Kirche, was ist mir besonders wichtig, was ist ihr Auftrag. Darum geht es diese Woche bei \u201eangedacht\u201c.<\/p>\n\n\n\n<p>\u201eWenn Kirche hier nicht klar Position bezieht, dann wei\u00df ich nicht, wann sonst?\u201c Jana ist aufgebracht. Wieder gibt es Nachrichten \u00fcber ertrunkene Fl\u00fcchtlinge im Mittelmeer und die Politik schweigt. \u201eMeine Kirche darf nicht schweigen\u201c, sagt sie, denn hier ertrinken Menschen. Jedes Menschenleben ist unendlich kostbar. Als Christen m\u00fcssen wir uns einmischen! Zusammen mit anderen in ihrer Gemeinde schreibt sie einen Brief an ihren Bischof und den Innenminister. Und sie setzen sich f\u00fcr Fl\u00fcchtlinge in der Stadt ein. \u201eWir m\u00fcssen uns als Kirche in politische Themen einmischen und d\u00fcrfen nicht schweigen, wenn Unrecht geschieht.\u201c Als die Evangelische Kirche in Deutschland mit Spendengeldern k\u00fcrzlich ein Schiff gekauft hat und damit jetzt Fl\u00fcchtlinge aus dem Mittelmeer rettet, war Jana richtig stolz auf ihre Kirche. Auch ihr Bischof hat klar Position bezogen und setzt sich f\u00fcr die Rettung von Fl\u00fcchtlingen ein.&nbsp;<\/p>\n\n\n\n<p>F\u00fcr Jana wie f\u00fcr viele andere geh\u00f6rt das politische Engagement unmittelbar zur Kirche dazu. Ohne klar Position f\u00fcr Menschen in Not zu beziehen, w\u00fcrde die Kirche ihren Auftrag verraten. \u201eWas ihr f\u00fcr eine meiner geringsten Schwestern und Br\u00fcder getan habt, das habt ihr mir getan\u201c, steht in der Bibel. (Mt 25,40). F\u00fcr junge Menschen wie Jana ist das ein Ansporn.<\/p>\n\n\n\n<p><\/p>\n\n\n\n<blockquote class=\"wp-block-quote is-layout-flow wp-block-quote-is-layout-flow\"><p><strong>R\u00fcdiger Schaarschmidt<\/strong><\/p><p><em>H\u00f6ren Sie diesen Beitrag bei Radio Jade:<br><\/em><a rel=\"noreferrer noopener\" href=\"http:\/\/www.radio-jade.de\/mediathek\/angedacht\/\" target=\"_blank\"><em>Alle Beitr\u00e4ge im \u00dcberblick | RADIO JADE<\/em><\/a><\/p><\/blockquote>\n","protected":false},"excerpt":{"rendered":"<p>Was geh\u00f6rt f\u00fcr mich zur Kirche, was ist mir besonders wichtig, was ist ihr Auftrag. Darum geht es diese Woche bei \u201eangedacht\u201c. \u201eWenn Kirche hier nicht klar Position bezieht, dann wei\u00df ich nicht, wann sonst?\u201c Jana ist aufgebracht. Wieder gibt es Nachrichten \u00fcber ertrunkene Fl\u00fcchtlinge im Mittelmeer und die Politik schweigt. \u201eMeine Kirche darf nicht schweigen\u201c, sagt sie, denn hier ertrinken Menschen. Jedes Menschenleben ist unendlich kostbar. Als Christen m\u00fcssen wir uns einmischen! Zusammen mit anderen in ihrer Gemeinde schreibt sie einen Brief an ihren Bischof und den Innenminister. Und sie setzen sich f\u00fcr Fl\u00fcchtlinge in der Stadt ein. \u201eWir&#8230;<\/p>\n","protected":false},"author":6,"featured_media":1171,"comment_status":"closed","ping_status":"open","sticky":false,"template":"","format":"standard","meta":{"footnotes":""},"categories":[5],"tags":[],"class_list":["post-15566","post","type-post","status-publish","format-standard","has-post-thumbnail","hentry","category-angedacht"],"_links":{"self":[{"href":"https:\/\/christusnews.de\/site\/wp-json\/wp\/v2\/posts\/15566","targetHints":{"allow":["GET"]}}],"collection":[{"href":"https:\/\/christusnews.de\/site\/wp-json\/wp\/v2\/posts"}],"about":[{"href":"https:\/\/christusnews.de\/site\/wp-json\/wp\/v2\/types\/post"}],"author":[{"embeddable":true,"href":"https:\/\/christusnews.de\/site\/wp-json\/wp\/v2\/users\/6"}],"replies":[{"embeddable":true,"href":"https:\/\/christusnews.de\/site\/wp-json\/wp\/v2\/comments?post=15566"}],"version-history":[{"count":1,"href":"https:\/\/christusnews.de\/site\/wp-json\/wp\/v2\/posts\/15566\/revisions"}],"predecessor-version":[{"id":15567,"href":"https:\/\/christusnews.de\/site\/wp-json\/wp\/v2\/posts\/15566\/revisions\/15567"}],"wp:featuredmedia":[{"embeddable":true,"href":"https:\/\/christusnews.de\/site\/wp-json\/wp\/v2\/media\/1171"}],"wp:attachment":[{"href":"https:\/\/christusnews.de\/site\/wp-json\/wp\/v2\/media?parent=15566"}],"wp:term":[{"taxonomy":"category","embeddable":true,"href":"https:\/\/christusnews.de\/site\/wp-json\/wp\/v2\/categories?post=15566"},{"taxonomy":"post_tag","embeddable":true,"href":"https:\/\/christusnews.de\/site\/wp-json\/wp\/v2\/tags?post=15566"}],"curies":[{"name":"wp","href":"https:\/\/api.w.org\/{rel}","templated":true}]}}