{"id":15645,"date":"2020-10-30T09:09:00","date_gmt":"2020-10-30T08:09:00","guid":{"rendered":"https:\/\/christusnews.de\/site\/protestanten-feiern-reformationstag-auch-im-hoerfunk-und-digital\/"},"modified":"2020-10-30T09:09:00","modified_gmt":"2020-10-30T08:09:00","slug":"protestanten-feiern-reformationstag-auch-im-hoerfunk-und-digital","status":"publish","type":"post","link":"https:\/\/christusnews.de\/site\/protestanten-feiern-reformationstag-auch-im-hoerfunk-und-digital\/","title":{"rendered":"Protestanten feiern Reformationstag &#8211; auch im H\u00f6rfunk und digital"},"content":{"rendered":"<p>Braunschweig\/Hannover\/Bremen (epd). Protestanten in aller Welt feiern am Sonnabend den Reformationstag. Die Reformationsgottesdienste finden in diesem Jahr unter Corona-Bedingungen statt: zum Teil unter strengen Auflagen mit Besuchern, digital oder als TV- und H\u00f6rfunk-\u00dcbertragung. Dabei wird an die Anf\u00e4nge der evangelischen Kirche vor rund 500 Jahren erinnert. So predigt der braunschweigische evangelische Landesbischof Christoph Meyns nach Kirchenangaben in einem H\u00f6rfunkgottesdienst mit dem Motto \u00abZur Freiheit berufen\u00bb. Die Feier wird am Sonnabend um 10 Uhr live aus der Klosterkirche in Braunschweig-Riddagshausen auf NDR Info sowie auf WDR 5 \u00fcbertragen.<\/p>\n<p>Der hannoversche Landesbischof Ralf Meister tritt um 10 Uhr in der Marktkirche in Hannover auf die Kanzel. Bereits am Vorabend des Reformationstages feiert das evangelische Stephansstift in der nieders\u00e4chsischen Landeshauptstadt einen Gottesdienst mit Ministerpr\u00e4sident Stephan Weil (SPD). In Bremen spricht am 31. Oktober nach Angaben der Organisatoren B\u00fcrgermeister Andreas Bovenschulte (SPD) im St.-Petri-Dom. In der Kirche Unser Lieben Frauen predigt Bremens leitender evangelischer Theologe Bernd Kuschnerus.<\/p>\n<p>Die christlichen Kirchen im Oldenburger Land wollen den Reformationstag mit einem zentralen \u00f6kumenischen Gottesdienst feiern. Dazu laden die Organisatoren ab 17 Uhr in die Schlosskirche nach Varel ein. Die Feier kann \u00fcber den Link <a href=\"http:\/\/www.kirche-oldenburg.de\/reformationstag\">www.kirche-oldenburg.de\/reformationstag<\/a> im Internet live auf Youtube verfolgt werden. Beteiligt sind unter anderen der Oldenburger Bischof Thomas Adomeit und Monsignore Bernd Winter vom katholischen Offizialatsbezirk Oldenburg.<\/p>\n<p>Zu einem \u00f6kumenischen Gottesdienst in der Stadtkirche von B\u00fcckeburg ab 11 Uhr hat die Landeskirche Schaumburg-Lippe den Bochumer Professor Thomas S\u00f6ding als Prediger eingeladen. Die ARD \u00fcbertr\u00e4gt am Reformationstag von 10 bis 11 Uhr einen evangelischen Gottesdienst unter dem Motto \u00abHaltung bitte!\u00bb aus der Stadtkirche zu Bad Hersfeld, wie die Evangelische Kirche von Kurhessen-Waldeck mitteilte.<\/p>\n<p>Der Reformationstag am 31. Oktober ist gesetzlicher Feiertag in neun Bundesl\u00e4ndern: Brandenburg, Bremen, Hamburg, Mecklenburg-Vorpommern, Niedersachsen, Sachsen, Sachsen-Anhalt, Schleswig-Holstein und Th\u00fcringen.<\/p>\n<p>Die vom damaligen Augustinerm\u00f6nch Martin Luther (1483-1546) um den 31. Oktober 1517 von Wittenberg aus verbreiteten 95 Thesen gegen kirchliche Missst\u00e4nde wurden zum Ausgang einer christlichen Erneuerungsbewegung. W\u00e4hrend der Gedenktag fr\u00fcher zur Abgrenzung der Protestanten gegen\u00fcber katholischen Christen genutzt wurde, wird er inzwischen im Geist der \u00d6kumene gefeiert. Zum 500. Jahrestag der Reformation am 31. Oktober 2017 war der Tag einmalig bundesweit arbeitsfrei.<\/p>\n<p>Der Reformationstag wurde erst 150 Jahre nach der Reformation zum Gedenktag. Kurf\u00fcrst Johann Georg II. von Sachsen setzte den Tag im Jahr 1667 fest. Nach den Reformationsjubil\u00e4en 1717 und 1817 etablierte sich das Reformationsfest weiter. Der Gedenktag wird als Gelegenheit zur evangelischen Selbstbesinnung verstanden. Luther wollte die Kirche zum geistigen Ursprung der Botschaft des Evangeliums zur\u00fcckf\u00fchren. Die von Luther geforderten Reformen f\u00fchrten nicht nur zur Gr\u00fcndung der evangelischen Kirchen, auch die r\u00f6misch-katholische Kirche hat sich seitdem grundlegend reformiert.<\/p>\n<p>Source: Kirche-Oldenburg<\/p>\n","protected":false},"excerpt":{"rendered":"<p>Braunschweig\/Hannover\/Bremen (epd). Protestanten in aller Welt feiern am Sonnabend den Reformationstag. Die Reformationsgottesdienste finden in diesem Jahr unter Corona-Bedingungen statt: zum Teil unter strengen Auflagen mit Besuchern, digital oder als TV- und H\u00f6rfunk-\u00dcbertragung. Dabei wird an die Anf\u00e4nge der evangelischen Kirche vor rund 500 Jahren erinnert. So predigt der braunschweigische evangelische Landesbischof Christoph Meyns nach Kirchenangaben in einem H\u00f6rfunkgottesdienst mit dem Motto \u00abZur Freiheit berufen\u00bb. Die Feier wird am Sonnabend um 10 Uhr live aus der Klosterkirche in Braunschweig-Riddagshausen auf NDR Info sowie auf WDR 5 \u00fcbertragen. Der hannoversche Landesbischof Ralf Meister tritt um 10 Uhr in der Marktkirche in&#8230;<\/p>\n","protected":false},"author":7,"featured_media":0,"comment_status":"false","ping_status":"open","sticky":false,"template":"","format":"standard","meta":{"footnotes":""},"categories":[43],"tags":[44],"class_list":["post-15645","post","type-post","status-publish","format-standard","hentry","category-kirche-oldenburg","tag-kirche-oldenburg"],"_links":{"self":[{"href":"https:\/\/christusnews.de\/site\/wp-json\/wp\/v2\/posts\/15645","targetHints":{"allow":["GET"]}}],"collection":[{"href":"https:\/\/christusnews.de\/site\/wp-json\/wp\/v2\/posts"}],"about":[{"href":"https:\/\/christusnews.de\/site\/wp-json\/wp\/v2\/types\/post"}],"author":[{"embeddable":true,"href":"https:\/\/christusnews.de\/site\/wp-json\/wp\/v2\/users\/7"}],"replies":[{"embeddable":true,"href":"https:\/\/christusnews.de\/site\/wp-json\/wp\/v2\/comments?post=15645"}],"version-history":[{"count":0,"href":"https:\/\/christusnews.de\/site\/wp-json\/wp\/v2\/posts\/15645\/revisions"}],"wp:attachment":[{"href":"https:\/\/christusnews.de\/site\/wp-json\/wp\/v2\/media?parent=15645"}],"wp:term":[{"taxonomy":"category","embeddable":true,"href":"https:\/\/christusnews.de\/site\/wp-json\/wp\/v2\/categories?post=15645"},{"taxonomy":"post_tag","embeddable":true,"href":"https:\/\/christusnews.de\/site\/wp-json\/wp\/v2\/tags?post=15645"}],"curies":[{"name":"wp","href":"https:\/\/api.w.org\/{rel}","templated":true}]}}