{"id":16192,"date":"2020-12-21T00:00:00","date_gmt":"2020-12-20T23:00:00","guid":{"rendered":"https:\/\/christusnews.de\/site\/28-vollversammlung-tagt-digital\/"},"modified":"2020-12-21T22:17:37","modified_gmt":"2020-12-21T21:17:37","slug":"28-vollversammlung-tagt-digital","status":"publish","type":"post","link":"https:\/\/christusnews.de\/site\/28-vollversammlung-tagt-digital\/","title":{"rendered":"28. Vollversammlung tagt digital"},"content":{"rendered":"<p>Mit einem Video und einer offiziellen Mitteilung wendet sich der ejo Vorstand im Dezember 2020 an die Delegierten und beratenden Mitglieder der Vollversammlung der Evangelischen Jugend Oldenburg. Die f\u00fcr M\u00e4rz 2021 geplante Pr\u00e4senztagung findet digital statt.<\/p>\n<p>Mit der Entscheidung f\u00fcr eine weitere digitale Vollversammlung hat es sich der Vorstand nicht leicht gemacht. In einer Vorstandssitzung wurden Vor- und Nachteile abgewogen und um eine Entscheidung gerungen. Aber jetzt ist klar: die 28. Vollversammlung der Evangelischen Jugend Oldenburg wird vom 19. bis 21. M\u00e4rz digital stattfinden.<\/p>\n<p>Eine Entscheidung zum gegenwertigen Zeitpunkt schien dem Vorstand aus unterschiedlichen Sichtweisen als sinnvoll. Die Kurve der Corona-Pandemie flacht weiter nicht ab und mit der fr\u00fchzeitigen Entscheidung k\u00f6nnen Stornokosten vermieden werden.<\/p>\n<p>In einer Videobotschaft wendet sich der Vorstand daher so fr\u00fch an die Mitglieder der Vollversammlung und bitten um Verst\u00e4ndnis. Die intensive Planung und Vorbereitung wird Anfang des Jahres aufgenommen und schon heute steht fest, dass die Referent*innen f\u00fcr das Schwerpunktthema bereits zugesagt haben.<\/p>\n<p>Bereits im Oktober 2020 hatten die 60 Delegierten der Evangelischen Jugend Oldenburg digital getagt und unter anderem neue Leits\u00e4tze f\u00fcr die Arbeit verabschiedet.<\/p>\n<p><em>Au\u00dferdem befinden wir uns aufgrund der anhaltenden Corona-Pandemie weiterhin in einer ungewissen Situation. Als Vorstand tragen wir die Verantwortung f\u00fcr euch, die Delegierten und beratenden Mitgliedern der Vollversammlungen. Au\u00dferdem haben wir als Jugendverband eine wichtige gesellschaftliche Verantwortung, die wir durchaus ernst nehmen.<\/em><\/p>\n<p>Kirche-Oldenburg<br \/>\n<a href=\"https:\/\/www.kirche-oldenburg.de\/nc\/aktuell\/pressemitteilungen\/artikel\/28-vollversammlung-tagt-digital\/\" target=\"_blank\" rel=\"noopener\">28. Vollversammlung tagt digital<\/a><\/p>\n","protected":false},"excerpt":{"rendered":"<p>Mit einem Video und einer offiziellen Mitteilung wendet sich der ejo Vorstand im Dezember 2020 an die Delegierten und beratenden Mitglieder der Vollversammlung der Evangelischen Jugend Oldenburg. Die f\u00fcr M\u00e4rz 2021 geplante Pr\u00e4senztagung findet digital statt. Mit der Entscheidung f\u00fcr eine weitere digitale Vollversammlung hat es sich der Vorstand nicht leicht gemacht. In einer Vorstandssitzung wurden Vor- und Nachteile abgewogen und um eine Entscheidung gerungen. Aber jetzt ist klar: die 28. Vollversammlung der Evangelischen Jugend Oldenburg wird vom 19. bis 21. M\u00e4rz digital stattfinden. Eine Entscheidung zum gegenwertigen Zeitpunkt schien dem Vorstand aus unterschiedlichen Sichtweisen als sinnvoll. Die Kurve der&#8230;<\/p>\n","protected":false},"author":7,"featured_media":0,"comment_status":"false","ping_status":"open","sticky":false,"template":"","format":"standard","meta":{"footnotes":""},"categories":[43],"tags":[44],"class_list":["post-16192","post","type-post","status-publish","format-standard","hentry","category-kirche-oldenburg","tag-kirche-oldenburg"],"_links":{"self":[{"href":"https:\/\/christusnews.de\/site\/wp-json\/wp\/v2\/posts\/16192","targetHints":{"allow":["GET"]}}],"collection":[{"href":"https:\/\/christusnews.de\/site\/wp-json\/wp\/v2\/posts"}],"about":[{"href":"https:\/\/christusnews.de\/site\/wp-json\/wp\/v2\/types\/post"}],"author":[{"embeddable":true,"href":"https:\/\/christusnews.de\/site\/wp-json\/wp\/v2\/users\/7"}],"replies":[{"embeddable":true,"href":"https:\/\/christusnews.de\/site\/wp-json\/wp\/v2\/comments?post=16192"}],"version-history":[{"count":1,"href":"https:\/\/christusnews.de\/site\/wp-json\/wp\/v2\/posts\/16192\/revisions"}],"predecessor-version":[{"id":16193,"href":"https:\/\/christusnews.de\/site\/wp-json\/wp\/v2\/posts\/16192\/revisions\/16193"}],"wp:attachment":[{"href":"https:\/\/christusnews.de\/site\/wp-json\/wp\/v2\/media?parent=16192"}],"wp:term":[{"taxonomy":"category","embeddable":true,"href":"https:\/\/christusnews.de\/site\/wp-json\/wp\/v2\/categories?post=16192"},{"taxonomy":"post_tag","embeddable":true,"href":"https:\/\/christusnews.de\/site\/wp-json\/wp\/v2\/tags?post=16192"}],"curies":[{"name":"wp","href":"https:\/\/api.w.org\/{rel}","templated":true}]}}