{"id":16709,"date":"2021-02-27T14:16:00","date_gmt":"2021-02-27T13:16:00","guid":{"rendered":"https:\/\/christusnews.de\/site\/gescheiterter-altenpflege-tarif-sozialverband-warnt-vor-folgen\/"},"modified":"2021-03-01T22:18:35","modified_gmt":"2021-03-01T21:18:35","slug":"gescheiterter-altenpflege-tarif-sozialverband-warnt-vor-folgen","status":"publish","type":"post","link":"https:\/\/christusnews.de\/site\/gescheiterter-altenpflege-tarif-sozialverband-warnt-vor-folgen\/","title":{"rendered":"Gescheiterter Altenpflege-Tarif: Sozialverband warnt vor Folgen"},"content":{"rendered":"<p>Osnabr\u00fcck (epd). Nach dem Scheitern des Branchentarifvertrags Altenpflege warnt der Sozialverband VdK Deutschland vor Folgen f\u00fcr die Pflegebed\u00fcrftigen. \u00abDamit sie in Zukunft gut versorgt werden, m\u00fcssen wir etwas f\u00fcr die Pflegekr\u00e4fte tun. Sonst laufen sie weiterhin davon, und neue kommen nicht nach\u00bb, sagte ihre Pr\u00e4sidentin Verena Bentele der \u00abNeuen Osnabr\u00fccker Zeitung\u00bb (Samstag). Der Pflegeberuf sei derzeit f\u00fcr viele Menschen schlicht nicht attraktiv genug.<\/p>\n<p>Bentele betonte, wenn der Branchentarifvertrag scheitere, \u00abist eine einmalige historische Chance vertan\u00bb. Die Pflegekr\u00e4fte in der Altenpflege h\u00e4tten t\u00e4glich ein immenses Pensum, das sie stemmen m\u00fcssten. \u00abBisher gibt es f\u00fcr sie aber nur Corona-Applaus, einen einmaligen Zuschlag oder Diskussionen um den Mindestlohn. Das reicht bei weitem nicht aus.\u00bb Die Anerkennung m\u00fcsse sich auch in guten Arbeitsbedingungen und auf dem Lohnzettel spiegeln. Deshalb brauche es einen bundeseinheitlichen Tarifvertrag in der Pflegebranche.<\/p>\n<p>Die Bem\u00fchungen um einen solchen Vertrag sind vorerst gescheitert, nachdem die Arbeitsrechtliche Kommission des Caritas-Verbandes ihre Zustimmung zu einem Entwurf der Gewerkschaft Verdi und des Pflege-Arbeitgeberverbandes BVAP verweigert hat. Bundesarbeitsminister Hubertus Heil (SPD) kann den Vertrag damit nicht f\u00fcr allgemeinverbindlich in der gesamten Branche erkl\u00e4ren.<\/p>\n<p>Der Tarifvertrag h\u00e4tte bei einer Erstreckung auf die ganze Branche die bisherigen Mindestl\u00f6hne ersetzt. Die niedrigsten Verg\u00fctungen w\u00e4ren dadurch um etwa 25 Prozent angehoben worden. In der Pflegebranche arbeiten mehr als eine Million Besch\u00e4ftigte, rund 300.000 bei den kirchlichen Tr\u00e4gern.<\/p>\n<p>Kirche-Oldenburg<br \/>\n<a href=\"https:\/\/www.kirche-oldenburg.de\/aktuell\/news-niedersachsen\/artikel\/gescheiterter-altenpflege-tarif-sozialverband-warnt-vor-folgen\/\" target=\"_blank\" rel=\"noopener\">Gescheiterter Altenpflege-Tarif: Sozialverband warnt vor Folgen<\/a><\/p>\n","protected":false},"excerpt":{"rendered":"<p>Osnabr\u00fcck (epd). Nach dem Scheitern des Branchentarifvertrags Altenpflege warnt der Sozialverband VdK Deutschland vor Folgen f\u00fcr die Pflegebed\u00fcrftigen. \u00abDamit sie in Zukunft gut versorgt werden, m\u00fcssen wir etwas f\u00fcr die Pflegekr\u00e4fte tun. Sonst laufen sie weiterhin davon, und neue kommen nicht nach\u00bb, sagte ihre Pr\u00e4sidentin Verena Bentele der \u00abNeuen Osnabr\u00fccker Zeitung\u00bb (Samstag). Der Pflegeberuf sei derzeit f\u00fcr viele Menschen schlicht nicht attraktiv genug. Bentele betonte, wenn der Branchentarifvertrag scheitere, \u00abist eine einmalige historische Chance vertan\u00bb. Die Pflegekr\u00e4fte in der Altenpflege h\u00e4tten t\u00e4glich ein immenses Pensum, das sie stemmen m\u00fcssten. \u00abBisher gibt es f\u00fcr sie aber nur Corona-Applaus, einen einmaligen Zuschlag&#8230;<\/p>\n","protected":false},"author":7,"featured_media":0,"comment_status":"false","ping_status":"open","sticky":false,"template":"","format":"standard","meta":{"footnotes":""},"categories":[43],"tags":[44],"class_list":["post-16709","post","type-post","status-publish","format-standard","hentry","category-kirche-oldenburg","tag-kirche-oldenburg"],"_links":{"self":[{"href":"https:\/\/christusnews.de\/site\/wp-json\/wp\/v2\/posts\/16709","targetHints":{"allow":["GET"]}}],"collection":[{"href":"https:\/\/christusnews.de\/site\/wp-json\/wp\/v2\/posts"}],"about":[{"href":"https:\/\/christusnews.de\/site\/wp-json\/wp\/v2\/types\/post"}],"author":[{"embeddable":true,"href":"https:\/\/christusnews.de\/site\/wp-json\/wp\/v2\/users\/7"}],"replies":[{"embeddable":true,"href":"https:\/\/christusnews.de\/site\/wp-json\/wp\/v2\/comments?post=16709"}],"version-history":[{"count":1,"href":"https:\/\/christusnews.de\/site\/wp-json\/wp\/v2\/posts\/16709\/revisions"}],"predecessor-version":[{"id":16710,"href":"https:\/\/christusnews.de\/site\/wp-json\/wp\/v2\/posts\/16709\/revisions\/16710"}],"wp:attachment":[{"href":"https:\/\/christusnews.de\/site\/wp-json\/wp\/v2\/media?parent=16709"}],"wp:term":[{"taxonomy":"category","embeddable":true,"href":"https:\/\/christusnews.de\/site\/wp-json\/wp\/v2\/categories?post=16709"},{"taxonomy":"post_tag","embeddable":true,"href":"https:\/\/christusnews.de\/site\/wp-json\/wp\/v2\/tags?post=16709"}],"curies":[{"name":"wp","href":"https:\/\/api.w.org\/{rel}","templated":true}]}}