{"id":16764,"date":"2021-03-07T14:43:00","date_gmt":"2021-03-07T13:43:00","guid":{"rendered":"https:\/\/christusnews.de\/site\/das-stichwort-internationaler-frauentag\/"},"modified":"2021-03-08T22:17:57","modified_gmt":"2021-03-08T21:17:57","slug":"das-stichwort-internationaler-frauentag","status":"publish","type":"post","link":"https:\/\/christusnews.de\/site\/das-stichwort-internationaler-frauentag\/","title":{"rendered":"Das Stichwort: Internationaler Frauentag"},"content":{"rendered":"<p>Hannover\/Bremen (epd). Zum Internationalen Frauentag am 8. M\u00e4rz gehen Frauen weltweit f\u00fcr ihre Rechte an die \u00d6ffentlichkeit. Erste Anregungen kamen von Frauendemonstrationen ab der zweiten H\u00e4lfte des 19. Jahrhunderts in den USA. Die Startinitiative folgte dann aus der sozialistischen und sozialdemokratischen Arbeiterbewegung vor dem Ersten Weltkrieg (1914-1918). 1910 beschloss die Sozialistische Internationale der Frauen in Kopenhagen, jedes Jahr mit einem Aktionstag den Kampf der Frauen f\u00fcr mehr Rechte und bessere Lebensbedingungen voranzutreiben.<\/p>\n<p>Bereits im M\u00e4rz 1911 gingen rund eine Million Frauen in Deutschland, D\u00e4nemark, \u00d6sterreich-Ungarn und der Schweiz auf die Stra\u00dfen. Erste Forderung war das Frauenwahlrecht, das in Deutschland 1918 durchgesetzt wurde. Am 19. Januar 1919 konnten Frauen erstmals an einer landesweiten Wahl teilnehmen, als eine verfassunggebende Nationalversammlung gew\u00e4hlt wurde. Die Frauen k\u00e4mpften zudem f\u00fcr k\u00fcrzere Arbeitszeiten bei gleichem Lohn, niedrigere Lebensmittelpreise, eine regelm\u00e4\u00dfige Schulspeisung und legalen Schwangerschaftsabbruch.<\/p>\n<p>W\u00e4hrend des Ersten Weltkriegs und unter der NS-Diktatur war der \u00absozialistische\u00bb Feiertag verboten. Die Nationalsozialisten propagierten stattdessen den Muttertag, der ihrem Frauenbild eher entsprach. Doch im Untergrund lebte der Frauentag weiter: Wer am 8. M\u00e4rz seine rote W\u00e4sche im Fenster ausl\u00fcftete, gab damit ein politisches Statement ab.<\/p>\n<p>Nach 1945 entzweite der Kalte Krieg auch den Frauentag. Im Westen verlor er an Bedeutung, wurde dann vor allem von der Frauen- und Friedensbewegung ab Ende der 60er Jahre begangen. In der DDR entwickelte sich der 8. M\u00e4rz vielfach zum \u00absozialistischen Muttertag\u00bb, an dem Kinder der Mutter Blumen oder selbst gemalte Bilder schenkten. 1977 f\u00fchrten die Vereinten Nationen den Weltfrauentag als offiziellen UN-Tag ein.<\/p>\n<p>Das Land Berlin f\u00fchrte 2019 den Frauentag als gesetzlichen Feiertag ein, als einziges deutsches Bundesland. Auch in Niedersachsen war der Frauentag vor drei Jahren als neuer Feiertag im Gespr\u00e4ch. Der Vorschlag der Gr\u00fcnen fand aber keine Mehrheit.<\/p>\n<p>Kirche-Oldenburg<br \/>\n<a href=\"https:\/\/www.kirche-oldenburg.de\/aktuell\/news-niedersachsen\/artikel\/das-stichwort-internationaler-frauentag\/\" target=\"_blank\" rel=\"noopener\">Das Stichwort: Internationaler Frauentag<\/a><\/p>\n","protected":false},"excerpt":{"rendered":"<p>Hannover\/Bremen (epd). Zum Internationalen Frauentag am 8. M\u00e4rz gehen Frauen weltweit f\u00fcr ihre Rechte an die \u00d6ffentlichkeit. Erste Anregungen kamen von Frauendemonstrationen ab der zweiten H\u00e4lfte des 19. Jahrhunderts in den USA. Die Startinitiative folgte dann aus der sozialistischen und sozialdemokratischen Arbeiterbewegung vor dem Ersten Weltkrieg (1914-1918). 1910 beschloss die Sozialistische Internationale der Frauen in Kopenhagen, jedes Jahr mit einem Aktionstag den Kampf der Frauen f\u00fcr mehr Rechte und bessere Lebensbedingungen voranzutreiben. Bereits im M\u00e4rz 1911 gingen rund eine Million Frauen in Deutschland, D\u00e4nemark, \u00d6sterreich-Ungarn und der Schweiz auf die Stra\u00dfen. Erste Forderung war das Frauenwahlrecht, das in Deutschland 1918&#8230;<\/p>\n","protected":false},"author":7,"featured_media":0,"comment_status":"false","ping_status":"open","sticky":false,"template":"","format":"standard","meta":{"footnotes":""},"categories":[43],"tags":[44],"class_list":["post-16764","post","type-post","status-publish","format-standard","hentry","category-kirche-oldenburg","tag-kirche-oldenburg"],"_links":{"self":[{"href":"https:\/\/christusnews.de\/site\/wp-json\/wp\/v2\/posts\/16764","targetHints":{"allow":["GET"]}}],"collection":[{"href":"https:\/\/christusnews.de\/site\/wp-json\/wp\/v2\/posts"}],"about":[{"href":"https:\/\/christusnews.de\/site\/wp-json\/wp\/v2\/types\/post"}],"author":[{"embeddable":true,"href":"https:\/\/christusnews.de\/site\/wp-json\/wp\/v2\/users\/7"}],"replies":[{"embeddable":true,"href":"https:\/\/christusnews.de\/site\/wp-json\/wp\/v2\/comments?post=16764"}],"version-history":[{"count":1,"href":"https:\/\/christusnews.de\/site\/wp-json\/wp\/v2\/posts\/16764\/revisions"}],"predecessor-version":[{"id":16765,"href":"https:\/\/christusnews.de\/site\/wp-json\/wp\/v2\/posts\/16764\/revisions\/16765"}],"wp:attachment":[{"href":"https:\/\/christusnews.de\/site\/wp-json\/wp\/v2\/media?parent=16764"}],"wp:term":[{"taxonomy":"category","embeddable":true,"href":"https:\/\/christusnews.de\/site\/wp-json\/wp\/v2\/categories?post=16764"},{"taxonomy":"post_tag","embeddable":true,"href":"https:\/\/christusnews.de\/site\/wp-json\/wp\/v2\/tags?post=16764"}],"curies":[{"name":"wp","href":"https:\/\/api.w.org\/{rel}","templated":true}]}}