{"id":17832,"date":"2021-06-24T13:06:00","date_gmt":"2021-06-24T11:06:00","guid":{"rendered":"https:\/\/christusnews.de\/site\/in-365-tagen-heisst-es-aufmachen\/"},"modified":"2021-06-24T23:17:28","modified_gmt":"2021-06-24T21:17:28","slug":"in-365-tagen-heisst-es-aufmachen","status":"publish","type":"post","link":"https:\/\/christusnews.de\/site\/in-365-tagen-heisst-es-aufmachen\/","title":{"rendered":"In 365 Tagen hei\u00dft es: \u201eaufmachen\u201c"},"content":{"rendered":"<p>Unter dem Motto \u201eaufmachen\u201c wird am 25. Juni 2022, also in genau 365 Tagen, in Oldenburg erstmalig ein Kirchenmusikfest gefeiert. An vielen Orten der Stadt soll an diesem Tag \u201edie Vielfalt der Kirchenmusik zum Klingen gebracht werden\u201c, k\u00fcndigte die Organisatorin Landeskirchenmusikdirektorin Beate Besser an.&nbsp;<br \/>\n&nbsp; &nbsp;<br \/>\nGleichzeitig wird in der Kleinen EWE-Arena das Chorfest des Evangelischen Chorverbandes Niedersachsen-Bremen gefeiert. Dieses Fest findet aller vier Jahre statt und war noch nie in Oldenburg zu Gast. Dazu werden ca. 1.500 Chors\u00e4ngerinnen und Chors\u00e4nger erwartet, sagte Pfarrer Martin Sundermann, Obmann des Evangelischen Chorverbandes Niedersachsen-Bremen. \u201eWir haben uns f\u00fcr die EWE-Arena als Veranstaltungsort entschieden, da keine Kirche f\u00fcr ein derartiges S\u00e4ngertreffen gro\u00df genug ist\u201c, so Sundermann.<br \/>\n&nbsp; &nbsp;<br \/>\nAnlass f\u00fcr das Kirchenmusikfest sei das vielf\u00e4ltige Engagement der Ev.-Luth. Kirche in Oldenburg im Bereich der Kirchenmusik, das vor zehn Jahren mit der Einrichtung und Besetzung der Stelle einer Landeskirchenmusikdirektorin begonnen habe, berichtete Landeskirchenmusikdirektorin Beate Besser. Seitdem sei die Kirchenmusik durch weitere hauptamtliche Stellen kontinuierlich und in einer gro\u00dfen Vielfalt ausgebaut worden, \u201eund dieses wollen wir nun pr\u00e4sentieren\u201c, sagte sie.<br \/>\n&nbsp; &nbsp;<br \/>\nW\u00e4hrend des Tages wird es in der Oldenburger Innenstadt eine Vielzahl von Konzerten, Workshops, Ausstellungen und Aktionen rund um die Kirchenmusik geben, erl\u00e4uterte Landesposaunenwart Christian Strohmann aus dem Vorbereitungsteam. Alle Veranstaltungsorte werden fu\u00dfl\u00e4ufig erreichbar sein. Offen sei lediglich noch der Ort f\u00fcr das Kinderchorfest, so dass es zu diesem Zeitpunkt noch kein fertiges Programm gebe. Auf alle F\u00e4lle werde der Tag mit einem gro\u00dfen Fest-Gottesdienst in der EWE-Arena enden, verriet Beate Besser. Dort werden alle Sparten der Kirchenmusik erklingen, die versammelten Kirchen-Ch\u00f6re, Kinderch\u00f6re, ein gro\u00dfer Posaunenchor und eine Band. Bischof Thomas Adomeit werde in dem Gottesdienst predigen.<br \/>\n&nbsp; &nbsp;<br \/>\nVorbereitet wird das Kirchenmusikfest von einer Gruppe von 15 Personen, die sich aus Kantorinnen und Kantoren der oldenburgischen Kirche sowie Mitgliedern des Vorstands des Evangelischen Chorverbandes Niedersachsen-Bremen zusammensetzt.&nbsp;<br \/>\n&nbsp; &nbsp;<br \/>\nIn der Ev.-Luth. Kirche in Oldenburg gibt es 24 haupt-, 320 neben- und ehrenamtliche Kirchenmusikerinnen und \u2013musiker. Sie leiten unter anderem etwa 150 Ch\u00f6re mit insgesamt 3.000 S\u00e4ngerinnen und S\u00e4nger. Zudem gibt es rund 55 Posaunench\u00f6re mit \u00fcber 1.200 Mitgliedern. Zur Vielfalt der Kirchenmusik geh\u00f6rten dar\u00fcber hinaus die Popularkirchenmusik, das Singen mit Kindern und Jugendlichen und die Pflege der wertvollen Orgellandschaft der oldenburgischen Kirche.<\/p>\n<p>Kirche-Oldenburg<br \/>\n<a href=\"https:\/\/www.kirche-oldenburg.de\/\/aktuell\/pressemitteilungen\/artikel\/in-365-tagen-heisst-es-aufmachen\" target=\"_blank\" rel=\"noopener\">In 365 Tagen hei\u00dft es: \u201eaufmachen\u201c<\/a><\/p>\n","protected":false},"excerpt":{"rendered":"<p>Unter dem Motto \u201eaufmachen\u201c wird am 25. Juni 2022, also in genau 365 Tagen, in Oldenburg erstmalig ein Kirchenmusikfest gefeiert. An vielen Orten der Stadt soll an diesem Tag \u201edie Vielfalt der Kirchenmusik zum Klingen gebracht werden\u201c, k\u00fcndigte die Organisatorin Landeskirchenmusikdirektorin Beate Besser an.&nbsp; &nbsp; &nbsp; Gleichzeitig wird in der Kleinen EWE-Arena das Chorfest des Evangelischen Chorverbandes Niedersachsen-Bremen gefeiert. Dieses Fest findet aller vier Jahre statt und war noch nie in Oldenburg zu Gast. Dazu werden ca. 1.500 Chors\u00e4ngerinnen und Chors\u00e4nger erwartet, sagte Pfarrer Martin Sundermann, Obmann des Evangelischen Chorverbandes Niedersachsen-Bremen. \u201eWir haben uns f\u00fcr die EWE-Arena als Veranstaltungsort entschieden,&#8230;<\/p>\n","protected":false},"author":7,"featured_media":0,"comment_status":"false","ping_status":"open","sticky":false,"template":"","format":"standard","meta":{"footnotes":""},"categories":[43],"tags":[44],"class_list":["post-17832","post","type-post","status-publish","format-standard","hentry","category-kirche-oldenburg","tag-kirche-oldenburg"],"_links":{"self":[{"href":"https:\/\/christusnews.de\/site\/wp-json\/wp\/v2\/posts\/17832","targetHints":{"allow":["GET"]}}],"collection":[{"href":"https:\/\/christusnews.de\/site\/wp-json\/wp\/v2\/posts"}],"about":[{"href":"https:\/\/christusnews.de\/site\/wp-json\/wp\/v2\/types\/post"}],"author":[{"embeddable":true,"href":"https:\/\/christusnews.de\/site\/wp-json\/wp\/v2\/users\/7"}],"replies":[{"embeddable":true,"href":"https:\/\/christusnews.de\/site\/wp-json\/wp\/v2\/comments?post=17832"}],"version-history":[{"count":1,"href":"https:\/\/christusnews.de\/site\/wp-json\/wp\/v2\/posts\/17832\/revisions"}],"predecessor-version":[{"id":17833,"href":"https:\/\/christusnews.de\/site\/wp-json\/wp\/v2\/posts\/17832\/revisions\/17833"}],"wp:attachment":[{"href":"https:\/\/christusnews.de\/site\/wp-json\/wp\/v2\/media?parent=17832"}],"wp:term":[{"taxonomy":"category","embeddable":true,"href":"https:\/\/christusnews.de\/site\/wp-json\/wp\/v2\/categories?post=17832"},{"taxonomy":"post_tag","embeddable":true,"href":"https:\/\/christusnews.de\/site\/wp-json\/wp\/v2\/tags?post=17832"}],"curies":[{"name":"wp","href":"https:\/\/api.w.org\/{rel}","templated":true}]}}