{"id":18345,"date":"2021-08-02T12:01:00","date_gmt":"2021-08-02T10:01:00","guid":{"rendered":"https:\/\/christusnews.de\/site\/freiheit-aushalten\/"},"modified":"2021-08-03T23:17:37","modified_gmt":"2021-08-03T21:17:37","slug":"freiheit-aushalten","status":"publish","type":"post","link":"https:\/\/christusnews.de\/site\/freiheit-aushalten\/","title":{"rendered":"Freiheit aushalten"},"content":{"rendered":"<p>\u201eFreiheit aushalten\u201c hei\u00dft das neue Programm der Akademie der Ev.-Luth. Kirche in Oldenburg. Wie immer geht es darum, mit kritischem Blick und in evangelischer Freiheit angeblich unm\u00f6gliche Wege f\u00fcr ein gutes Zusammenleben neu zu denken.<\/p>\n<p>\u201eWir blicken auf dieses kommende Halbjahr und hoffen, dass nicht nur der Wahlkampf den Ton angibt, wenn es um Hilfe f\u00fcr die vielen B\u00fcrger*innen geht, denen das Wasser bis zum Halse steht\u201c, so Akademieleiterin Pfarrerin Brigitte Gl\u00e4ser.&nbsp;<\/p>\n<p>Wie kann man \u2013 in Kirche und Politik \u2013 diesen Menschen gerecht werden? Und auch jenen, die die Wahl zwischen verschiedenen, konfektionierten Dienstleistungen und Konsumg\u00fctern bereits als \u201eFreiheit\u201c verstehen? Und welche Art von \u201eWahrheiten\u201c verantworten wir, angesichts von Ger\u00fcchten und Verschw\u00f6rungserz\u00e4hlungen, die das Netz und unseren Verstand fluten?<\/p>\n<p>Mit u.a. folgenden Veranstaltungen sucht die Akademie das \u00f6ffentliche Gespr\u00e4ch:<\/p>\n<p>\u2022&nbsp;&nbsp; &nbsp;\u201eMutig denken\u201c fordert die Philosophin Marie-Luisa Frick im Gespr\u00e4ch mit dem Islamwissenschaftler Thomas Bauer am 3. Dezember im Staatstheater.<br \/>\n\u2022&nbsp;&nbsp; &nbsp;Was haben wir der Verrohung der Gespr\u00e4chskultur entgegenzusetzen und wie kann gute Streitkultur in Zeiten von Fake News und Populismus aussehen? Danach fragen im September und November die Kommunikationswissenschaftler Olaf Jandura und Tanjev Schultz.<br \/>\n\u2022&nbsp;&nbsp; &nbsp;Und im Oktober diskutieren Hartmut Rosa und Elisabeth von Thadden das Dilemma der Gleichzeitigkeit von Ber\u00fchrungsbed\u00fcrftigkeit und Ber\u00fchrungsangst. Was ber\u00fchrt noch, in einer Zeit, wo nicht nur Abstandsregeln und Masken das Wachsen \u201esoziale(r) Ressourcen\u201c (H. Rosa) verhindern?<\/p>\n<p>Mit dem n\u00f6tigen Gottvertrauen sucht die Akademie die Auseinandersetzung: Auf dem \u201eMarktplatz\u201c, im Theater, im Kino und in der Kirche.<\/p>\n<p>Es ist das letzte Programm der Akademie der oldenburgischen Kirche. 70 Jahre sei sie in Rastede und dann in Oldenburg ein Ort gewesen, herausfordernde Fragen mit Blick auf viele Perspektiven zu bearbeiten, res\u00fcmierte Akademieleiterin und Pfarrerin Brigitte Gl\u00e4ser. Dieser Aufgabe sehe sich die Kirche auch ohne die Akademie verpflichtet. Die Einrichtung wird aufgrund von Sparzw\u00e4ngen vor dem Hintergrund r\u00fcckl\u00e4ufiger Mitgliederzahlen der Kirche und der damit verbundenen sinkenden Finanzkraft geschlossen. Pfarrerin Gl\u00e4ser geht in den Ruhestand.<\/p>\n<p>Hier finden Sie das aktuelle <a href=\"\/\/file?uid=127400\">Akademie-Programm<\/a> als PDF-Datei.<\/p>\n<p>Mehr zu den einzelnen Veranstaltungen finden Sie unter <a href=\"http:\/\/www.akademie-oldenburg.de\">www.akademie-oldenburg.de<\/a>&nbsp;<\/p>\n<p>Anmeldung wird erbeten unter: Tel. 0441\/7701 431 oder <a href=\"mailto:akademie@kirche-oldenburg.de\">akademie@kirche-oldenburg.de<\/a>&nbsp;&nbsp;<br \/>\n&nbsp;<\/p>\n<p>Kirche-Oldenburg<br \/>\n<a href=\"https:\/\/www.kirche-oldenburg.de\/\/aktuell\/pressemitteilungen\/artikel\/freiheit-aushalten\" target=\"_blank\" rel=\"noopener\">Freiheit aushalten<\/a><\/p>\n","protected":false},"excerpt":{"rendered":"<p>\u201eFreiheit aushalten\u201c hei\u00dft das neue Programm der Akademie der Ev.-Luth. Kirche in Oldenburg. Wie immer geht es darum, mit kritischem Blick und in evangelischer Freiheit angeblich unm\u00f6gliche Wege f\u00fcr ein gutes Zusammenleben neu zu denken. \u201eWir blicken auf dieses kommende Halbjahr und hoffen, dass nicht nur der Wahlkampf den Ton angibt, wenn es um Hilfe f\u00fcr die vielen B\u00fcrger*innen geht, denen das Wasser bis zum Halse steht\u201c, so Akademieleiterin Pfarrerin Brigitte Gl\u00e4ser.&nbsp; Wie kann man \u2013 in Kirche und Politik \u2013 diesen Menschen gerecht werden? Und auch jenen, die die Wahl zwischen verschiedenen, konfektionierten Dienstleistungen und Konsumg\u00fctern bereits als \u201eFreiheit\u201c&#8230;<\/p>\n","protected":false},"author":7,"featured_media":0,"comment_status":"false","ping_status":"open","sticky":false,"template":"","format":"standard","meta":{"footnotes":""},"categories":[43],"tags":[44],"class_list":["post-18345","post","type-post","status-publish","format-standard","hentry","category-kirche-oldenburg","tag-kirche-oldenburg"],"_links":{"self":[{"href":"https:\/\/christusnews.de\/site\/wp-json\/wp\/v2\/posts\/18345","targetHints":{"allow":["GET"]}}],"collection":[{"href":"https:\/\/christusnews.de\/site\/wp-json\/wp\/v2\/posts"}],"about":[{"href":"https:\/\/christusnews.de\/site\/wp-json\/wp\/v2\/types\/post"}],"author":[{"embeddable":true,"href":"https:\/\/christusnews.de\/site\/wp-json\/wp\/v2\/users\/7"}],"replies":[{"embeddable":true,"href":"https:\/\/christusnews.de\/site\/wp-json\/wp\/v2\/comments?post=18345"}],"version-history":[{"count":1,"href":"https:\/\/christusnews.de\/site\/wp-json\/wp\/v2\/posts\/18345\/revisions"}],"predecessor-version":[{"id":18346,"href":"https:\/\/christusnews.de\/site\/wp-json\/wp\/v2\/posts\/18345\/revisions\/18346"}],"wp:attachment":[{"href":"https:\/\/christusnews.de\/site\/wp-json\/wp\/v2\/media?parent=18345"}],"wp:term":[{"taxonomy":"category","embeddable":true,"href":"https:\/\/christusnews.de\/site\/wp-json\/wp\/v2\/categories?post=18345"},{"taxonomy":"post_tag","embeddable":true,"href":"https:\/\/christusnews.de\/site\/wp-json\/wp\/v2\/tags?post=18345"}],"curies":[{"name":"wp","href":"https:\/\/api.w.org\/{rel}","templated":true}]}}