{"id":18701,"date":"2021-09-08T09:07:00","date_gmt":"2021-09-08T07:07:00","guid":{"rendered":"https:\/\/christusnews.de\/site\/reformierter-bund-tagt-erstmals-digital\/"},"modified":"2021-09-09T11:17:53","modified_gmt":"2021-09-09T09:17:53","slug":"reformierter-bund-tagt-erstmals-digital","status":"publish","type":"post","link":"https:\/\/christusnews.de\/site\/reformierter-bund-tagt-erstmals-digital\/","title":{"rendered":"Reformierter Bund tagt erstmals digital"},"content":{"rendered":"<p class=\"MsoPlainText\">Hannover (epd). Der Dachverband der rund 1,5 Millionen evangelisch-reformierten Christen in Deutschland tritt an diesem Donnerstag zu seiner j\u00e4hrlichen Hauptversammlung zusammen. Der Reformierte Bund werde dann erstmals rein digital tagen, sagte eine Sprecherin des Verbandes mit Sitz in Hannover am Mittwoch dem Evangelischen Pressedienst (epd). Zu der Tagung, die bis zum Sonnabend l\u00e4uft, werden rund 160 Delegierte aus dem gesamten Bundesgebiet erwartet.<\/p>\n<p class=\"MsoPlainText\">&nbsp;<\/p>\n<p class=\"MsoPlainText\">Schwerpunkte seien unter anderem die Modernisierung der reformierten Gottesdienstordnung und das 450. Jubil\u00e4um der wegweisenden Emder Synode von 1571, sagte die Sprecherin. Die damaligen Beschl\u00fcsse seien bis heute Richtlinie der reformierten Kirchen. Insbesondere der Gleichheitsgrundsatz gelte uneingeschr\u00e4nkt: Danach darf \u00abkeine Gemeinde \u00fcber andere Gemeinden, kein Pastor \u00fcber andere Pastoren, kein \u00c4ltester \u00fcber andere \u00c4lteste, kein Diakon \u00fcber andere Diakone Vorrang oder Herrschaft beanspruchen\u00bb. Dazu seien Workshops geplant, zu denen die neue Pr\u00e4ses der Synode der Evangelischen Kirche in Deutschland (EKD), Anna-Nicole Heinrich, einen Kurzvortrag halten wolle.<\/p>\n<p class=\"MsoPlainText\">&nbsp;<\/p>\n<p class=\"MsoPlainText\">Dem als Verein organisierten Reformierten Bund geh\u00f6ren Einzelpersonen sowie die Evangelisch-reformierte Kirche mit Sitz in Leer und die Lippische Landeskirche an. Dazu kommen zahlreiche Kirchengemeinden vor allem aus den unierten Kirchen im Rheinland, in Westfalen, in Bremen und in Hessen. Weltweit wird die Zahl der reformierten Christen auf 85 bis 100 Millionen gesch\u00e4tzt. 2005 verlegte der Reformierte Bund seinen Sitz nach Hannover. Dort befindet er sich seit 2014 mit der Weltgemeinschaft Reformierter Kirchen unter demselben Dach.<\/p>\n<p>Kirche-Oldenburg<br \/>\n<a href=\"https:\/\/www.kirche-oldenburg.de\/\/aktuell\/news-niedersachsen\/artikel\/reformierter-bund-tagt-erstmals-digital\" target=\"_blank\" rel=\"noopener\">Reformierter Bund tagt erstmals digital<\/a><\/p>\n","protected":false},"excerpt":{"rendered":"<p>Hannover (epd). Der Dachverband der rund 1,5 Millionen evangelisch-reformierten Christen in Deutschland tritt an diesem Donnerstag zu seiner j\u00e4hrlichen Hauptversammlung zusammen. Der Reformierte Bund werde dann erstmals rein digital tagen, sagte eine Sprecherin des Verbandes mit Sitz in Hannover am Mittwoch dem Evangelischen Pressedienst (epd). Zu der Tagung, die bis zum Sonnabend l\u00e4uft, werden rund 160 Delegierte aus dem gesamten Bundesgebiet erwartet. &nbsp; Schwerpunkte seien unter anderem die Modernisierung der reformierten Gottesdienstordnung und das 450. Jubil\u00e4um der wegweisenden Emder Synode von 1571, sagte die Sprecherin. Die damaligen Beschl\u00fcsse seien bis heute Richtlinie der reformierten Kirchen. Insbesondere der Gleichheitsgrundsatz gelte uneingeschr\u00e4nkt:&#8230;<\/p>\n","protected":false},"author":7,"featured_media":0,"comment_status":"false","ping_status":"open","sticky":false,"template":"","format":"standard","meta":{"footnotes":""},"categories":[43],"tags":[44],"class_list":["post-18701","post","type-post","status-publish","format-standard","hentry","category-kirche-oldenburg","tag-kirche-oldenburg"],"_links":{"self":[{"href":"https:\/\/christusnews.de\/site\/wp-json\/wp\/v2\/posts\/18701","targetHints":{"allow":["GET"]}}],"collection":[{"href":"https:\/\/christusnews.de\/site\/wp-json\/wp\/v2\/posts"}],"about":[{"href":"https:\/\/christusnews.de\/site\/wp-json\/wp\/v2\/types\/post"}],"author":[{"embeddable":true,"href":"https:\/\/christusnews.de\/site\/wp-json\/wp\/v2\/users\/7"}],"replies":[{"embeddable":true,"href":"https:\/\/christusnews.de\/site\/wp-json\/wp\/v2\/comments?post=18701"}],"version-history":[{"count":1,"href":"https:\/\/christusnews.de\/site\/wp-json\/wp\/v2\/posts\/18701\/revisions"}],"predecessor-version":[{"id":18702,"href":"https:\/\/christusnews.de\/site\/wp-json\/wp\/v2\/posts\/18701\/revisions\/18702"}],"wp:attachment":[{"href":"https:\/\/christusnews.de\/site\/wp-json\/wp\/v2\/media?parent=18701"}],"wp:term":[{"taxonomy":"category","embeddable":true,"href":"https:\/\/christusnews.de\/site\/wp-json\/wp\/v2\/categories?post=18701"},{"taxonomy":"post_tag","embeddable":true,"href":"https:\/\/christusnews.de\/site\/wp-json\/wp\/v2\/tags?post=18701"}],"curies":[{"name":"wp","href":"https:\/\/api.w.org\/{rel}","templated":true}]}}