{"id":18790,"date":"2021-09-20T12:00:00","date_gmt":"2021-09-20T10:00:00","guid":{"rendered":"https:\/\/christusnews.de\/site\/?p=18790"},"modified":"2021-09-20T09:23:57","modified_gmt":"2021-09-20T07:23:57","slug":"erlebnisse-aus-der-sommerkirche-am-deich","status":"publish","type":"post","link":"https:\/\/christusnews.de\/site\/erlebnisse-aus-der-sommerkirche-am-deich\/","title":{"rendered":"Erlebnisse aus der Sommerkirche am Deich"},"content":{"rendered":"\n<p>Moin, liebe H\u00f6rerinnen und H\u00f6rer von Radio Jade!<\/p>\n\n\n\n<p>Auch in diesem Jahr habe ich Ihnen Erlebnisse aus der Sommerkirche am Deich mitgebbracht. Das ist ein \u00f6kumenisches Projekt in Horumersiel und Schillig, das in diesem Jahr zehn Jahre alt geworden ist.<\/p>\n\n\n\n<p>Wir gehen gerne nach drau\u00dfen, auf die Wiese hinter der Kirche, auf den Ankerplatz an der Deichstra\u00dfe, in den Hafen oder an den Strand. Gotts Wort, die Botschaft vom Leben und von der Liebe Gottes ist ja etwas f\u00fcr die ganze weite Welt. Das darf quasi gar nicht hinter den Kirchenmauern bleiben.<\/p>\n\n\n\n<p>So sitzt dann an einem Sommerabend eine Gemeinde von Christinnen und Christen drau\u00dfen auf dem Ankerplatz. Wir feiern einen \u00f6kumensichen Gottesdienst mit der Friesisch-Folk-Band Drey-Barth-Lang. Die sind oft mit uns zusammen. Das geh\u00f6rt einfach zum Sommer dazu.<\/p>\n\n\n\n<p>Geige, Gitarre, Akkordeon und Gesang, ein gutes, aufmunterndes Bibelwort, Gedanken, die zusammen mit der Musik und dem Wind und der Sonne zum Himmel und zur\u00fcck unterwegs sind &#8211; anders kann ich das gar nicht beschreiben. Ich sp\u00fcre etwas von der Leichtigkeit des Sommers und der Sch\u00f6nheit des Lebens. Etwas, das jede ja mal sp\u00fcren muss, dass jeder braucht. Schlie\u00dflich gibt es von dem anderen in der Welt und im eigenen Leben ja auch genug.<\/p>\n\n\n\n<p>Meine Gedanken gehen auf Reisen, mein Herz macht sich mit auf den Weg. Ja, k\u00f6nnen denn Herzen reisen? Jaa! k\u00f6nnen sie! Zusammen mit T\u00f6nen und Worten und Gedanken:&nbsp;<em>\u201eGeh aus mein Herz\u2018 und suche Freud, zu dieser lieben Sommerszeit an Deines Gottes Gaben\u2026\u201c<\/em>&nbsp;Sommersch\u00f6n bis zum Himmel und zur\u00fcck, denke ich, sp\u00fcr ich &#8211; wei\u00df ich &#8211; einen ewigkeitstauglichen Moment lang<em>.<\/em><em>\u201eAch, denk ich, bist Du hier so sch\u00f6n\u2026\u201c&nbsp;<\/em>und pfeife oder summe noch lange nach dem Gottesdienst das gro\u00dfartige Kirchenlied, dass mein Pastorenkollege Paul Gerhardt vor 350 Jahren geschrieben hat\u2026<\/p>\n\n\n\n<p><\/p>\n\n\n\n<blockquote class=\"wp-block-quote is-layout-flow wp-block-quote-is-layout-flow\"><p><strong>\u00a0Lars Bratke<\/strong><\/p><p>H<em>\u00f6ren Sie diesen Beitrag bei Radio Jade:<\/em><\/p><p><a rel=\"noreferrer noopener\" href=\"http:\/\/www.radio-jade.de\/mediathek\/angedacht\/\" target=\"_blank\"><em>Alle Beitr\u00e4ge im \u00dcberblick | RADIO JADE<\/em><\/a><\/p><\/blockquote>\n","protected":false},"excerpt":{"rendered":"<p>Moin, liebe H\u00f6rerinnen und H\u00f6rer von Radio Jade! Auch in diesem Jahr habe ich Ihnen Erlebnisse aus der Sommerkirche am Deich mitgebbracht. Das ist ein \u00f6kumenisches Projekt in Horumersiel und Schillig, das in diesem Jahr zehn Jahre alt geworden ist. Wir gehen gerne nach drau\u00dfen, auf die Wiese hinter der Kirche, auf den Ankerplatz an der Deichstra\u00dfe, in den Hafen oder an den Strand. Gotts Wort, die Botschaft vom Leben und von der Liebe Gottes ist ja etwas f\u00fcr die ganze weite Welt. Das darf quasi gar nicht hinter den Kirchenmauern bleiben. So sitzt dann an einem Sommerabend eine Gemeinde&#8230;<\/p>\n","protected":false},"author":6,"featured_media":1171,"comment_status":"closed","ping_status":"open","sticky":false,"template":"","format":"standard","meta":{"footnotes":""},"categories":[5],"tags":[],"class_list":["post-18790","post","type-post","status-publish","format-standard","has-post-thumbnail","hentry","category-angedacht"],"_links":{"self":[{"href":"https:\/\/christusnews.de\/site\/wp-json\/wp\/v2\/posts\/18790","targetHints":{"allow":["GET"]}}],"collection":[{"href":"https:\/\/christusnews.de\/site\/wp-json\/wp\/v2\/posts"}],"about":[{"href":"https:\/\/christusnews.de\/site\/wp-json\/wp\/v2\/types\/post"}],"author":[{"embeddable":true,"href":"https:\/\/christusnews.de\/site\/wp-json\/wp\/v2\/users\/6"}],"replies":[{"embeddable":true,"href":"https:\/\/christusnews.de\/site\/wp-json\/wp\/v2\/comments?post=18790"}],"version-history":[{"count":1,"href":"https:\/\/christusnews.de\/site\/wp-json\/wp\/v2\/posts\/18790\/revisions"}],"predecessor-version":[{"id":18791,"href":"https:\/\/christusnews.de\/site\/wp-json\/wp\/v2\/posts\/18790\/revisions\/18791"}],"wp:featuredmedia":[{"embeddable":true,"href":"https:\/\/christusnews.de\/site\/wp-json\/wp\/v2\/media\/1171"}],"wp:attachment":[{"href":"https:\/\/christusnews.de\/site\/wp-json\/wp\/v2\/media?parent=18790"}],"wp:term":[{"taxonomy":"category","embeddable":true,"href":"https:\/\/christusnews.de\/site\/wp-json\/wp\/v2\/categories?post=18790"},{"taxonomy":"post_tag","embeddable":true,"href":"https:\/\/christusnews.de\/site\/wp-json\/wp\/v2\/tags?post=18790"}],"curies":[{"name":"wp","href":"https:\/\/api.w.org\/{rel}","templated":true}]}}