{"id":18823,"date":"2021-09-20T08:42:00","date_gmt":"2021-09-20T06:42:00","guid":{"rendered":"https:\/\/christusnews.de\/site\/evangelische-kirchen-rufen-zur-bundestagswahl-auf\/"},"modified":"2021-09-21T11:17:38","modified_gmt":"2021-09-21T09:17:38","slug":"evangelische-kirchen-rufen-zur-bundestagswahl-auf","status":"publish","type":"post","link":"https:\/\/christusnews.de\/site\/evangelische-kirchen-rufen-zur-bundestagswahl-auf\/","title":{"rendered":"Evangelische Kirchen rufen zur Bundestagswahl auf"},"content":{"rendered":"<p class=\"MsoPlainText\">Hannover\/Oldenburg (epd). Die evangelischen Kirchen in Niedersachsen haben die Menschen im Land aufgerufen, sich an der Bundestagswahl an diesem Sonntag (26. September) zu beteiligen. Der Ratsvorsitzende der Evangelischen Kirchen in Niedersachsen, Bischof Thomas Ademeit, appellierte besonders an die jungen Erstw\u00e4hlerinnen und Erstw\u00e4hler: \u00abGeht zur Wahl. Wir brauchen euch und eure Ideen.\u00bb Sie k\u00f6nnten mit ihrer Stimme die Marschrichtung mit angeben und mitgehen, sagte er dem Evangelischen Kirchenfunk Niedersachsen-Bremen (ekn).<\/p>\n<p class=\"MsoPlainText\">&nbsp;<\/p>\n<p class=\"MsoPlainText\">\u00abMit der Wahl \u00fcbernehmen wir Verantwortung f\u00fcr die Zukunft unseres Landes, f\u00fcr unsere Kinder und Enkel\u00bb, sagte Adomeit, der auch Bischof der Evangelisch-Lutherischen Kirche in Oldenburg ist. \u00abDass hei\u00dft, in Frieden und Freiheit und auch im Blick auf zuk\u00fcnftige Generationen dieses Land klimagerecht zu f\u00fchren.\u00bb<\/p>\n<p class=\"MsoPlainText\">&nbsp;<\/p>\n<p class=\"MsoPlainText\">Adomeit betonte, es sei ein Gl\u00fcck, in Freiheit zu leben. Doch diese Freiheit bedeute Verantwortung. \u00abSie ist uns nicht geschenkt, wir m\u00fcssen f\u00fcr sie k\u00e4mpfen und daran arbeiten.\u00bb Der Grund f\u00fcr die Freiheit sei die Demokratie. \u00abDa muss man zur Wahl gehen und die Verantwortung daf\u00fcr \u00fcbernehmen, dass die Demokratie auch weiterhin die Grundlage unserer Freiheit bleibt.\u00bb<\/p>\n<p class=\"MsoPlainText\">&nbsp;<\/p>\n<p class=\"MsoPlainText\">In Deutschland lebten 80 Millionen Menschen aus verschiedensten Kulturen miteinander, unterstrich Adomeit. \u00abWir wollen in Frieden miteinander leben. Achten wir darauf, dass Rassismus keine Rolle spielt und wir ihn bek\u00e4mpfen, wo er laut wird.\u00bb Armut und Reichtum d\u00fcrften keine Rolle spielen. Auch sollten alle Menschen die Chance auf eine gute Ausbildung erhalten.<\/p>\n<p>Kirche-Oldenburg<br \/>\n<a href=\"https:\/\/www.kirche-oldenburg.de\/\/aktuell\/news-niedersachsen\/artikel\/evangelische-kirchen-rufen-zur-bundestagswahl-auf\" target=\"_blank\" rel=\"noopener\">Evangelische Kirchen rufen zur Bundestagswahl auf<\/a><\/p>\n","protected":false},"excerpt":{"rendered":"<p>Hannover\/Oldenburg (epd). Die evangelischen Kirchen in Niedersachsen haben die Menschen im Land aufgerufen, sich an der Bundestagswahl an diesem Sonntag (26. September) zu beteiligen. Der Ratsvorsitzende der Evangelischen Kirchen in Niedersachsen, Bischof Thomas Ademeit, appellierte besonders an die jungen Erstw\u00e4hlerinnen und Erstw\u00e4hler: \u00abGeht zur Wahl. Wir brauchen euch und eure Ideen.\u00bb Sie k\u00f6nnten mit ihrer Stimme die Marschrichtung mit angeben und mitgehen, sagte er dem Evangelischen Kirchenfunk Niedersachsen-Bremen (ekn). &nbsp; \u00abMit der Wahl \u00fcbernehmen wir Verantwortung f\u00fcr die Zukunft unseres Landes, f\u00fcr unsere Kinder und Enkel\u00bb, sagte Adomeit, der auch Bischof der Evangelisch-Lutherischen Kirche in Oldenburg ist. \u00abDass hei\u00dft, in&#8230;<\/p>\n","protected":false},"author":7,"featured_media":0,"comment_status":"false","ping_status":"open","sticky":false,"template":"","format":"standard","meta":{"footnotes":""},"categories":[43],"tags":[44],"class_list":["post-18823","post","type-post","status-publish","format-standard","hentry","category-kirche-oldenburg","tag-kirche-oldenburg"],"_links":{"self":[{"href":"https:\/\/christusnews.de\/site\/wp-json\/wp\/v2\/posts\/18823","targetHints":{"allow":["GET"]}}],"collection":[{"href":"https:\/\/christusnews.de\/site\/wp-json\/wp\/v2\/posts"}],"about":[{"href":"https:\/\/christusnews.de\/site\/wp-json\/wp\/v2\/types\/post"}],"author":[{"embeddable":true,"href":"https:\/\/christusnews.de\/site\/wp-json\/wp\/v2\/users\/7"}],"replies":[{"embeddable":true,"href":"https:\/\/christusnews.de\/site\/wp-json\/wp\/v2\/comments?post=18823"}],"version-history":[{"count":1,"href":"https:\/\/christusnews.de\/site\/wp-json\/wp\/v2\/posts\/18823\/revisions"}],"predecessor-version":[{"id":18824,"href":"https:\/\/christusnews.de\/site\/wp-json\/wp\/v2\/posts\/18823\/revisions\/18824"}],"wp:attachment":[{"href":"https:\/\/christusnews.de\/site\/wp-json\/wp\/v2\/media?parent=18823"}],"wp:term":[{"taxonomy":"category","embeddable":true,"href":"https:\/\/christusnews.de\/site\/wp-json\/wp\/v2\/categories?post=18823"},{"taxonomy":"post_tag","embeddable":true,"href":"https:\/\/christusnews.de\/site\/wp-json\/wp\/v2\/tags?post=18823"}],"curies":[{"name":"wp","href":"https:\/\/api.w.org\/{rel}","templated":true}]}}