{"id":18830,"date":"2021-09-16T12:07:00","date_gmt":"2021-09-16T10:07:00","guid":{"rendered":"https:\/\/christusnews.de\/site\/adk-entgelte-der-mitarbeitenden-im-sozial-und-erziehungsdienst-mit-den-entgelten-im-kommunalbereich-gleich\/"},"modified":"2021-09-21T23:17:47","modified_gmt":"2021-09-21T21:17:47","slug":"adk-entgelte-der-mitarbeitenden-im-sozial-und-erziehungsdienst-mit-den-entgelten-im-kommunalbereich-gleich","status":"publish","type":"post","link":"https:\/\/christusnews.de\/site\/adk-entgelte-der-mitarbeitenden-im-sozial-und-erziehungsdienst-mit-den-entgelten-im-kommunalbereich-gleich\/","title":{"rendered":"ADK: Entgelte der Mitarbeitenden im Sozial- und Erziehungsdienst mit den Entgelten im Kommunalbereich gleich"},"content":{"rendered":"<p>P\u00fcnktlich zum neuen Kita-Jahr ziehen die Entgelte der Mitarbeitenden im Sozial- und Erziehungsdienst mit den Entgelten im Kommunalbereich vollst\u00e4ndig gleich:<br \/>\n&nbsp; &nbsp;<br \/>\nIm Gleichklang mit der Tarifeinigung f\u00fcr den \u00f6ffentlichen Dienst der Kommunen erhalten die Mitarbeitenden im Sozial- und Erziehungsdienst, f\u00fcr die der sog. &#8220;SuE-Tarif&#8221; des TV\u00f6D-V (VKA) Anwendung findet, r\u00fcckwirkend ab dem 1. August 2021 das Leistungsentgelt nach \u00a7\u00a7 18, 18a TV\u00f6D. &nbsp; Daf\u00fcr hat die Arbeits- und Dienstrechtliche Kommission (ADK) am 9. September 2021 nach langj\u00e4hrigen Verhandlungen im Rahmen eines Vermittlungsverfahrens die rechtlichen Voraussetzungen geschaffen.<br \/>\n&nbsp; &nbsp;<br \/>\nDer aktuelle TV\u00f6D-Abschluss er\u00f6ffnet erstmals die M\u00f6glichkeit, das Leistungsentgelt auf Grundlage einer einvernehmlichen Dienstvereinbarung zwischen Dienststellenleitungen und Mitarbeitervertretungen pauschal, d.h. ohne vorherige individuelle Leistungsbemessung, an die Besch\u00e4ftigten auszuzahlen. \u201eDas war f\u00fcr uns Voraussetzung\u201c, sagt Annekatrin Herzog, Sprecherin der Arbeitgeberseite in der ADK. \u201eWir haben das pauschale Leistungsentgelt schnellstm\u00f6glich in den kirchlichen Bereich \u00fcbernommen und liegen nun im Wettbewerb um qualifizierte Mitarbeitende mit den Kommunen gleichauf.\u201c<br \/>\n&nbsp; &nbsp;<br \/>\n\u201eDieser Beschluss war l\u00e4ngst \u00fcberf\u00e4llig\u201c, sagt Werner Massow in Vertretung des Sprechers der Arbeitnehmerseite in der ADK. \u201eEndlich schlie\u00dft sich hier eine Entgeltl\u00fccke, die in den vergangenen Jahren f\u00fcr viel Frust in den Einrichtungen gesorgt hat.\u201c<br \/>\n&nbsp; &nbsp;&nbsp;<br \/>\nF\u00fcr das Jahr 2021 wird das Leistungsentgelt anteilig f\u00fcr die Monate August bis Dezember in pauschaler H\u00f6he von 2% des f\u00fcr den Monat September 2021 zustehenden Tabellenentgelts zur Auszahlung gebracht. Die Auszahlung erfolgt mit dem Dezembergehalt.<\/p>\n<p><em>Arbeits- und Dienstrechtliche Kommission (ADK)<\/em><br \/>\n&nbsp;<\/p>\n<p>Kirche-Oldenburg<br \/>\n<a href=\"https:\/\/www.kirche-oldenburg.de\/\/aktuell\/pressemitteilungen\/artikel\/adk-entgelte-der-mitarbeitenden-im-sozial-und-erziehungsdienst-mit-den-entgelten-im-kommunalbereich-gleich\" target=\"_blank\" rel=\"noopener\">ADK: Entgelte der Mitarbeitenden im Sozial- und Erziehungsdienst mit den Entgelten im Kommunalbereich gleich<\/a><\/p>\n","protected":false},"excerpt":{"rendered":"<p>P\u00fcnktlich zum neuen Kita-Jahr ziehen die Entgelte der Mitarbeitenden im Sozial- und Erziehungsdienst mit den Entgelten im Kommunalbereich vollst\u00e4ndig gleich: &nbsp; &nbsp; Im Gleichklang mit der Tarifeinigung f\u00fcr den \u00f6ffentlichen Dienst der Kommunen erhalten die Mitarbeitenden im Sozial- und Erziehungsdienst, f\u00fcr die der sog. &#8220;SuE-Tarif&#8221; des TV\u00f6D-V (VKA) Anwendung findet, r\u00fcckwirkend ab dem 1. August 2021 das Leistungsentgelt nach \u00a7\u00a7 18, 18a TV\u00f6D. &nbsp; Daf\u00fcr hat die Arbeits- und Dienstrechtliche Kommission (ADK) am 9. September 2021 nach langj\u00e4hrigen Verhandlungen im Rahmen eines Vermittlungsverfahrens die rechtlichen Voraussetzungen geschaffen. &nbsp; &nbsp; Der aktuelle TV\u00f6D-Abschluss er\u00f6ffnet erstmals die M\u00f6glichkeit, das Leistungsentgelt auf Grundlage&#8230;<\/p>\n","protected":false},"author":7,"featured_media":0,"comment_status":"false","ping_status":"open","sticky":false,"template":"","format":"standard","meta":{"footnotes":""},"categories":[43],"tags":[44],"class_list":["post-18830","post","type-post","status-publish","format-standard","hentry","category-kirche-oldenburg","tag-kirche-oldenburg"],"_links":{"self":[{"href":"https:\/\/christusnews.de\/site\/wp-json\/wp\/v2\/posts\/18830","targetHints":{"allow":["GET"]}}],"collection":[{"href":"https:\/\/christusnews.de\/site\/wp-json\/wp\/v2\/posts"}],"about":[{"href":"https:\/\/christusnews.de\/site\/wp-json\/wp\/v2\/types\/post"}],"author":[{"embeddable":true,"href":"https:\/\/christusnews.de\/site\/wp-json\/wp\/v2\/users\/7"}],"replies":[{"embeddable":true,"href":"https:\/\/christusnews.de\/site\/wp-json\/wp\/v2\/comments?post=18830"}],"version-history":[{"count":1,"href":"https:\/\/christusnews.de\/site\/wp-json\/wp\/v2\/posts\/18830\/revisions"}],"predecessor-version":[{"id":18831,"href":"https:\/\/christusnews.de\/site\/wp-json\/wp\/v2\/posts\/18830\/revisions\/18831"}],"wp:attachment":[{"href":"https:\/\/christusnews.de\/site\/wp-json\/wp\/v2\/media?parent=18830"}],"wp:term":[{"taxonomy":"category","embeddable":true,"href":"https:\/\/christusnews.de\/site\/wp-json\/wp\/v2\/categories?post=18830"},{"taxonomy":"post_tag","embeddable":true,"href":"https:\/\/christusnews.de\/site\/wp-json\/wp\/v2\/tags?post=18830"}],"curies":[{"name":"wp","href":"https:\/\/api.w.org\/{rel}","templated":true}]}}