{"id":18832,"date":"2021-09-22T10:28:38","date_gmt":"2021-09-22T08:28:38","guid":{"rendered":"https:\/\/christusnews.de\/site\/fridays-for-future-kuendigt-weltweite-klima-proteste-an\/"},"modified":"2021-09-22T11:17:27","modified_gmt":"2021-09-22T09:17:27","slug":"fridays-for-future-kuendigt-weltweite-klima-proteste-an","status":"publish","type":"post","link":"https:\/\/christusnews.de\/site\/fridays-for-future-kuendigt-weltweite-klima-proteste-an\/","title":{"rendered":"\u00abFridays for Future\u00bb k\u00fcndigt weltweite Klima-Proteste an"},"content":{"rendered":"<p>Hannover\/Bremen (epd). Sch\u00fclerinnen und Sch\u00fcler auf der ganzen Welt gehen erneut f\u00fcr mehr Klimaschutz auf die Stra\u00dfe. Zwei Tage vor der Bundestagswahl, am 24. September, sind nach Angaben der Kampagne \u00abFridays for Future\u00bb alleine in Deutschland an 428 Orten Klimastreiks angek\u00fcndigt. In Niedersachsen und Bremen gibt es rund 50 Aktionen. Der globale Klimastreik hat das Motto \u00abAnother world is possible &#8211; eine bessere Welt ist m\u00f6glich!\u00bb<br \/>\n&nbsp; &nbsp;<br \/>\nDie Bundestagswahl sei entscheidend f\u00fcr mehr Tempo beim Klimaschutz, hei\u00dft es im Aufruf von \u00abFridays for Future\u00bb Deutschland. \u00abDie Gesellschaft steht hinter uns. Klimagerechtigkeit wird das wahlentscheidende Thema. Wir stehen gemeinsam auf f\u00fcr eine gerechte und konsequente Klimapolitik. Wir m\u00fcssen jetzt handeln, um die Klimakrise und das weltweite Artensterben einzud\u00e4mmen und das 1,5-Grad-Limit des Pariser Klimaabkommens einhalten zu k\u00f6nnen.\u00bb<br \/>\n&nbsp; &nbsp;<br \/>\nVon der k\u00fcnftigen Bundesregierung verlangt \u00abFridays for Future\u00bb unter anderem, dass sie sp\u00e4testens 2030 aus der Kohleverstromung aussteigt. Die Erneuerbaren Energien m\u00fcssten bis dahin auf mindestens&nbsp;80 Prozent Anteil am Stromverbrauch ausgebaut werden. Zudem m\u00fcsse die Regierung wirksame Ma\u00dfnahmen zur Energieeinsparung ergreifen, in einen attraktiven \u00f6ffentlichen Nahverkehr und in die Fahrradinfrastruktur investieren, alle neuen Autobahnprojekte stoppen und ein festes Datum f\u00fcr ein sozialvertr\u00e4gliches Ende der Neuzulassung von Verbrennungsmotoren bei PKWs festlegen.<br \/>\n&nbsp; &nbsp;<br \/>\nIn Niedersachsen wollen die Aktivisten nicht nur in Hannover und den gro\u00dfen St\u00e4dten demonstrieren, sondern auch in vielen kleineren Orten wie Alfeld, Einbeck, Melle, Peine, Uslar und Winsen\/Luhe. Auf den Nordsee-Inseln Norderney und Spiekeroog soll ebenfalls f\u00fcr das Klima gestreikt werden. Neben \u00abFridays for Future\u00bb haben auch Umweltverb\u00e4nde und zahlreiche weitere Organisationen zu den Klimaprotesten aufgerufen.<br \/>\n&nbsp; &nbsp;<br \/>\n\u00abDas Land Niedersachsen handelt in der Klimafrage nicht entschlossen genug\u00bb, sagte am Dienstag der stellvertretende Landesvorsitzende des Bundes f\u00fcr Umwelt und Naturschutz Deutschland (BUND), Axel Ebeler. Die Ziele im nieders\u00e4chsischen Klimaschutzgesetz seien zu halbherzig und seien trotz des aktuellen Urteils des Bundesverfassungsgerichts noch nicht nachgebessert worden. Dass die Landespolitik nach wie vor Milliarden in Stra\u00dfenneubauprojekte wie die Autobahnen A 20 und A 39 investieren wolle anstatt den \u00f6ffentlichen Nahverkehr und Radwege massiv auszubauen, sei unverantwortlich.<br \/>\n&nbsp; &nbsp;<br \/>\n\u00abWir fordern das Land auf, noch in dieser Legislaturperiode ein wirksames Klimaschutzgesetz auf den Weg zu bringen\u00bb, betonte Ebeler. \u00abNiedersachsen muss bis sp\u00e4testens 2040 und nicht erst 2045 oder gar&nbsp;2050 klimaneutral werden. Wir k\u00f6nnen uns einen weiteren Aufschub notwendiger Klimaschutzma\u00dfnahmen nicht leisten.\u00bb<br \/>\n&nbsp; &nbsp;<br \/>\n<em>epd<\/em>&nbsp;<\/p>\n<p>Kirche-Oldenburg<br \/>\n<a href=\"https:\/\/www.kirche-oldenburg.de\/\/aktuell\/news-niedersachsen\/artikel\/fridays-for-future-kuendigt-weltweite-klima-proteste-an\" target=\"_blank\" rel=\"noopener\">\u00abFridays for Future\u00bb k\u00fcndigt weltweite Klima-Proteste an<\/a><\/p>\n","protected":false},"excerpt":{"rendered":"<p>Hannover\/Bremen (epd). Sch\u00fclerinnen und Sch\u00fcler auf der ganzen Welt gehen erneut f\u00fcr mehr Klimaschutz auf die Stra\u00dfe. Zwei Tage vor der Bundestagswahl, am 24. September, sind nach Angaben der Kampagne \u00abFridays for Future\u00bb alleine in Deutschland an 428 Orten Klimastreiks angek\u00fcndigt. In Niedersachsen und Bremen gibt es rund 50 Aktionen. Der globale Klimastreik hat das Motto \u00abAnother world is possible &#8211; eine bessere Welt ist m\u00f6glich!\u00bb &nbsp; &nbsp; Die Bundestagswahl sei entscheidend f\u00fcr mehr Tempo beim Klimaschutz, hei\u00dft es im Aufruf von \u00abFridays for Future\u00bb Deutschland. \u00abDie Gesellschaft steht hinter uns. Klimagerechtigkeit wird das wahlentscheidende Thema. Wir stehen gemeinsam auf&#8230;<\/p>\n","protected":false},"author":7,"featured_media":0,"comment_status":"false","ping_status":"open","sticky":false,"template":"","format":"standard","meta":{"footnotes":""},"categories":[43],"tags":[44],"class_list":["post-18832","post","type-post","status-publish","format-standard","hentry","category-kirche-oldenburg","tag-kirche-oldenburg"],"_links":{"self":[{"href":"https:\/\/christusnews.de\/site\/wp-json\/wp\/v2\/posts\/18832","targetHints":{"allow":["GET"]}}],"collection":[{"href":"https:\/\/christusnews.de\/site\/wp-json\/wp\/v2\/posts"}],"about":[{"href":"https:\/\/christusnews.de\/site\/wp-json\/wp\/v2\/types\/post"}],"author":[{"embeddable":true,"href":"https:\/\/christusnews.de\/site\/wp-json\/wp\/v2\/users\/7"}],"replies":[{"embeddable":true,"href":"https:\/\/christusnews.de\/site\/wp-json\/wp\/v2\/comments?post=18832"}],"version-history":[{"count":1,"href":"https:\/\/christusnews.de\/site\/wp-json\/wp\/v2\/posts\/18832\/revisions"}],"predecessor-version":[{"id":18833,"href":"https:\/\/christusnews.de\/site\/wp-json\/wp\/v2\/posts\/18832\/revisions\/18833"}],"wp:attachment":[{"href":"https:\/\/christusnews.de\/site\/wp-json\/wp\/v2\/media?parent=18832"}],"wp:term":[{"taxonomy":"category","embeddable":true,"href":"https:\/\/christusnews.de\/site\/wp-json\/wp\/v2\/categories?post=18832"},{"taxonomy":"post_tag","embeddable":true,"href":"https:\/\/christusnews.de\/site\/wp-json\/wp\/v2\/tags?post=18832"}],"curies":[{"name":"wp","href":"https:\/\/api.w.org\/{rel}","templated":true}]}}