{"id":18834,"date":"2021-09-22T10:27:43","date_gmt":"2021-09-22T08:27:43","guid":{"rendered":"https:\/\/christusnews.de\/site\/oekumenisches-forum-thematisiert-seenotrettung-und-menschenrechte\/"},"modified":"2021-09-22T11:17:27","modified_gmt":"2021-09-22T09:17:27","slug":"oekumenisches-forum-thematisiert-seenotrettung-und-menschenrechte","status":"publish","type":"post","link":"https:\/\/christusnews.de\/site\/oekumenisches-forum-thematisiert-seenotrettung-und-menschenrechte\/","title":{"rendered":"\u00d6kumenisches Forum thematisiert Seenotrettung und Menschenrechte"},"content":{"rendered":"<p>Wolfenb\u00fcttel (epd). Mit der Seenotrettung und den Menschenrechte an Europas Grenzen befasst sich der Arbeitskreis \u00abGerechtigkeit, Frieden, Bewahrung der Sch\u00f6pfung\u00bb der Konf\u00f6deration nieders\u00e4chsischer Kirchen beim diesj\u00e4hrigen \u00f6kumenischen Forum. Am 2. Oktober wollen Aktivisten der Jugendorganisation \u00abJugend Rettet\u00bb im Kirchenzentrum St. Thomas in Wolfenb\u00fcttel von ihrer Arbeit berichten, wie der Arbeitskreis mitteilte. \u00abJugend Rettet\u00bb hat 2016 mit einem eigenen Schiff eine Seenot-Rettungsaktion gestartet. Statt eines einf\u00fchren Vortrags wird vorab der Kinofilm \u00abJuventa\u00bb zu sehen sein.<br \/>\n&nbsp; &nbsp;<br \/>\n\u00abMenschen fliehen aus ihrer Heimat vor Krieg, Verfolgung, Umweltzerst\u00f6rung und setzen Ihre Hoffnung auf Europa\u00bb, hei\u00dft es in der Mitteilung weiter. \u00abDoch dieses Grundrecht ist wenig Wert auf den lebensgef\u00e4hrlichen Routen \u00fcber das Mittelmeer. Was tragen Kirche und Gesellschaft in Deutschland dazu bei, Menschen aufzunehmen und zu sch\u00fctzen?\u00bb<br \/>\n&nbsp; &nbsp;<br \/>\nAm Nachmittag will das \u00f6kumenische Forum einen Blick auf die bevorstehende Vollversammlung des Weltkirchenrates (\u00d6RK) in Karlsruhe 2022 werfen. Dieses Treffen findet erstmals seit seiner Gr\u00fcndung 1948 in Deutschland statt. Nicht zuletzt die globalen Krisen wie die Corona-Pandemie und die Klima- und Umweltkatastrophe machten deutlich, \u00abwie sehr die Kirchen weltweit Teil eines gemeinsamen Hauses sind\u00bb, hie\u00df es. Marc Witzenbacher, Leiter des Koordinierungsb\u00fcros der Vollversammlung, werde einen \u00dcberblick \u00fcber das Gro\u00dfereignis geben. Dabei gehe es auch \u00abum eine kritische Auseinandersetzung mit den zu erwartenden international-\u00f6kumenischen Debatten auf die Fragen unserer Zeit\u00bb.<br \/>\n&nbsp; &nbsp;<br \/>\n<em>epd<\/em><\/p>\n<p>Kirche-Oldenburg<br \/>\n<a href=\"https:\/\/www.kirche-oldenburg.de\/\/aktuell\/news-niedersachsen\/artikel\/oekumenisches-forum-thematisiert-seenotrettung-und-menschenrechte\" target=\"_blank\" rel=\"noopener\">\u00d6kumenisches Forum thematisiert Seenotrettung und Menschenrechte<\/a><\/p>\n","protected":false},"excerpt":{"rendered":"<p>Wolfenb\u00fcttel (epd). Mit der Seenotrettung und den Menschenrechte an Europas Grenzen befasst sich der Arbeitskreis \u00abGerechtigkeit, Frieden, Bewahrung der Sch\u00f6pfung\u00bb der Konf\u00f6deration nieders\u00e4chsischer Kirchen beim diesj\u00e4hrigen \u00f6kumenischen Forum. Am 2. Oktober wollen Aktivisten der Jugendorganisation \u00abJugend Rettet\u00bb im Kirchenzentrum St. Thomas in Wolfenb\u00fcttel von ihrer Arbeit berichten, wie der Arbeitskreis mitteilte. \u00abJugend Rettet\u00bb hat 2016 mit einem eigenen Schiff eine Seenot-Rettungsaktion gestartet. Statt eines einf\u00fchren Vortrags wird vorab der Kinofilm \u00abJuventa\u00bb zu sehen sein. &nbsp; &nbsp; \u00abMenschen fliehen aus ihrer Heimat vor Krieg, Verfolgung, Umweltzerst\u00f6rung und setzen Ihre Hoffnung auf Europa\u00bb, hei\u00dft es in der Mitteilung weiter. \u00abDoch dieses Grundrecht&#8230;<\/p>\n","protected":false},"author":7,"featured_media":0,"comment_status":"false","ping_status":"open","sticky":false,"template":"","format":"standard","meta":{"footnotes":""},"categories":[43],"tags":[44],"class_list":["post-18834","post","type-post","status-publish","format-standard","hentry","category-kirche-oldenburg","tag-kirche-oldenburg"],"_links":{"self":[{"href":"https:\/\/christusnews.de\/site\/wp-json\/wp\/v2\/posts\/18834","targetHints":{"allow":["GET"]}}],"collection":[{"href":"https:\/\/christusnews.de\/site\/wp-json\/wp\/v2\/posts"}],"about":[{"href":"https:\/\/christusnews.de\/site\/wp-json\/wp\/v2\/types\/post"}],"author":[{"embeddable":true,"href":"https:\/\/christusnews.de\/site\/wp-json\/wp\/v2\/users\/7"}],"replies":[{"embeddable":true,"href":"https:\/\/christusnews.de\/site\/wp-json\/wp\/v2\/comments?post=18834"}],"version-history":[{"count":1,"href":"https:\/\/christusnews.de\/site\/wp-json\/wp\/v2\/posts\/18834\/revisions"}],"predecessor-version":[{"id":18835,"href":"https:\/\/christusnews.de\/site\/wp-json\/wp\/v2\/posts\/18834\/revisions\/18835"}],"wp:attachment":[{"href":"https:\/\/christusnews.de\/site\/wp-json\/wp\/v2\/media?parent=18834"}],"wp:term":[{"taxonomy":"category","embeddable":true,"href":"https:\/\/christusnews.de\/site\/wp-json\/wp\/v2\/categories?post=18834"},{"taxonomy":"post_tag","embeddable":true,"href":"https:\/\/christusnews.de\/site\/wp-json\/wp\/v2\/tags?post=18834"}],"curies":[{"name":"wp","href":"https:\/\/api.w.org\/{rel}","templated":true}]}}