{"id":18836,"date":"2021-09-22T10:23:54","date_gmt":"2021-09-22T08:23:54","guid":{"rendered":"https:\/\/christusnews.de\/site\/germeroth-reformationsfenster-befluegelt-dialog-von-kunst-und-glaube\/"},"modified":"2021-09-22T11:17:27","modified_gmt":"2021-09-22T09:17:27","slug":"germeroth-reformationsfenster-befluegelt-dialog-von-kunst-und-glaube","status":"publish","type":"post","link":"https:\/\/christusnews.de\/site\/germeroth-reformationsfenster-befluegelt-dialog-von-kunst-und-glaube\/","title":{"rendered":"Germeroth: Reformationsfenster befl\u00fcgelt Dialog von Kunst und Glaube"},"content":{"rendered":"<p>Hannover (epd). Die Marktkirche in Hannover erhofft sich vom Einbau des von Altkanzler Gerhard Schr\u00f6der (SPD) gestifteten Reformationsfensters lebendige Diskussionen \u00fcber Kunst und Glauben. \u00abWir m\u00f6chten mit den Menschen im Gespr\u00e4ch bleiben und immer wieder Zug\u00e4nge schaffen\u00bb, sagte der Kirchenvorstandsvorsitzende Martin Germeroth am Dienstag dem Evangelischen Pressedienst (epd). Das zw\u00f6lf Meter hohe Buntglasfenster wirke im Original v\u00f6llig anders als auf den Entw\u00fcrfen und \u00abwird bestimmt zu anderen Meinungen f\u00fchren, wenn es erstmal im Original anzusehen ist\u00bb. Es k\u00f6nne den Betrachterinnen und Betrachtern wichtige Denkanst\u00f6\u00dfe geben.<br \/>\n&nbsp; &nbsp;<br \/>\nObwohl es auch Kritik an dem Werk des K\u00fcnstlers Markus L\u00fcpertz gebe, werde der Beschluss, das Fenster einzubauen, im Kirchenvorstand von einer breiten Mehrheit getragen, betonte Germeroth: \u00abWir stehen zu dieser Entscheidung.\u00bb Er hoffe, dass das Oberlandesgericht Celle sich der Entscheidung des Landgerichts Hannover anschlie\u00dfe &#8211; dieses hatte den Einbau im Januar in erster Instanz erlaubt (AZ: 18 0 74\/19).<br \/>\n&nbsp; &nbsp;<br \/>\nDie Celler Richter wollen am 30. November \u00fcber die Berufung verhandeln. Der Architekten-Erbe Georg Bissen hatte Klage gegen die Installation erhoben &#8211; sein Stiefvater Dieter Oesterlen (1911-1994) hatte die im Krieg zerst\u00f6rte Marktkirche nach 1946 wiederaufgebaut und neu gestaltet.<br \/>\n&nbsp; &nbsp;<br \/>\nDas Fenster zeigt eine wei\u00dfe Figur, die den Reformator Martin Luther (1483-1546) darstellen soll, sowie weitere Motive mit Bezug zur Reformation. F\u00fcr kontroverse Diskussionen sorgen f\u00fcnf gro\u00dfe schwarze Fliegen, die f\u00fcr das B\u00f6se und die Verg\u00e4nglichkeit stehen. Das Kunstwerk wurde von der Glasmanufaktur Derix in Taunusstein bereits fertiggestellt. Die Kosten werden auf rund 150.000 Euro gesch\u00e4tzt. Anlass f\u00fcr Schr\u00f6ders Geschenk war das 500.<br \/>\nReformationsjubil\u00e4um 2017.<br \/>\n&nbsp; &nbsp;<br \/>\n\u00abDas Kunstwerk ist in mittelalterlicher Handwerksmanier gestaltet und besticht durch gro\u00dfe Sch\u00f6nheit der Glasgestaltung\u00bb, sagte Germeroth. Es setze sich dar\u00fcber hinaus mit einem zentralen Thema der Reformation auseinander: \u00abAus meiner Sicht zeigt es den Kampf, den Luther gek\u00e4mpft hat mit der damaligen Obrigkeit, mit sich selbst und seinen \u00c4ngsten. Jeder Betrachtende ist aufgerufen, sich seine eigenen Gedanken dazu zu machen.\u00bb<br \/>\n&nbsp; &nbsp;<br \/>\nAm 17. Oktober wird die Marktkirche die j\u00e4hrliche Gemeindeversammlung abhalten, die f\u00fcr alle wahlberechtigten Mitglieder der Kirchengemeinde \u00f6ffentlich ist. \u00abDabei wird der neue Pastor der Gemeinde sich vorstellen und auch das neue Fenster zur Sprache kommen\u00bb, sagte Germeroth. Kritiker hatten eine solche Versammlung gefordert und daf\u00fcr im Internet eine Petition gestartet. Sie hatten zudem ein Gesamtkonzept zur Umgestaltung aller zehn bisher schlicht verglasten Seitenfenster der Kirche verlangt.<br \/>\n&nbsp; &nbsp;<br \/>\n<em>Michael Grau\/epd<\/em><br \/>\n&nbsp;<\/p>\n<p>Kirche-Oldenburg<br \/>\n<a href=\"https:\/\/www.kirche-oldenburg.de\/\/aktuell\/news-niedersachsen\/artikel\/germeroth-reformationsfenster-befluegelt-dialog-von-kunst-und-glaube\" target=\"_blank\" rel=\"noopener\">Germeroth: Reformationsfenster befl\u00fcgelt Dialog von Kunst und Glaube<\/a><\/p>\n","protected":false},"excerpt":{"rendered":"<p>Hannover (epd). Die Marktkirche in Hannover erhofft sich vom Einbau des von Altkanzler Gerhard Schr\u00f6der (SPD) gestifteten Reformationsfensters lebendige Diskussionen \u00fcber Kunst und Glauben. \u00abWir m\u00f6chten mit den Menschen im Gespr\u00e4ch bleiben und immer wieder Zug\u00e4nge schaffen\u00bb, sagte der Kirchenvorstandsvorsitzende Martin Germeroth am Dienstag dem Evangelischen Pressedienst (epd). Das zw\u00f6lf Meter hohe Buntglasfenster wirke im Original v\u00f6llig anders als auf den Entw\u00fcrfen und \u00abwird bestimmt zu anderen Meinungen f\u00fchren, wenn es erstmal im Original anzusehen ist\u00bb. Es k\u00f6nne den Betrachterinnen und Betrachtern wichtige Denkanst\u00f6\u00dfe geben. &nbsp; &nbsp; Obwohl es auch Kritik an dem Werk des K\u00fcnstlers Markus L\u00fcpertz gebe, werde&#8230;<\/p>\n","protected":false},"author":7,"featured_media":0,"comment_status":"false","ping_status":"open","sticky":false,"template":"","format":"standard","meta":{"footnotes":""},"categories":[43],"tags":[44],"class_list":["post-18836","post","type-post","status-publish","format-standard","hentry","category-kirche-oldenburg","tag-kirche-oldenburg"],"_links":{"self":[{"href":"https:\/\/christusnews.de\/site\/wp-json\/wp\/v2\/posts\/18836","targetHints":{"allow":["GET"]}}],"collection":[{"href":"https:\/\/christusnews.de\/site\/wp-json\/wp\/v2\/posts"}],"about":[{"href":"https:\/\/christusnews.de\/site\/wp-json\/wp\/v2\/types\/post"}],"author":[{"embeddable":true,"href":"https:\/\/christusnews.de\/site\/wp-json\/wp\/v2\/users\/7"}],"replies":[{"embeddable":true,"href":"https:\/\/christusnews.de\/site\/wp-json\/wp\/v2\/comments?post=18836"}],"version-history":[{"count":1,"href":"https:\/\/christusnews.de\/site\/wp-json\/wp\/v2\/posts\/18836\/revisions"}],"predecessor-version":[{"id":18837,"href":"https:\/\/christusnews.de\/site\/wp-json\/wp\/v2\/posts\/18836\/revisions\/18837"}],"wp:attachment":[{"href":"https:\/\/christusnews.de\/site\/wp-json\/wp\/v2\/media?parent=18836"}],"wp:term":[{"taxonomy":"category","embeddable":true,"href":"https:\/\/christusnews.de\/site\/wp-json\/wp\/v2\/categories?post=18836"},{"taxonomy":"post_tag","embeddable":true,"href":"https:\/\/christusnews.de\/site\/wp-json\/wp\/v2\/tags?post=18836"}],"curies":[{"name":"wp","href":"https:\/\/api.w.org\/{rel}","templated":true}]}}