{"id":18840,"date":"2021-09-22T09:37:00","date_gmt":"2021-09-22T07:37:00","guid":{"rendered":"https:\/\/christusnews.de\/site\/meister-klima-demos-sind-wichtiger-pulsschlag-der-gesellschaft\/"},"modified":"2021-09-23T11:17:39","modified_gmt":"2021-09-23T09:17:39","slug":"meister-klima-demos-sind-wichtiger-pulsschlag-der-gesellschaft","status":"publish","type":"post","link":"https:\/\/christusnews.de\/site\/meister-klima-demos-sind-wichtiger-pulsschlag-der-gesellschaft\/","title":{"rendered":"Meister: Klima-Demos sind \u00abwichtiger Pulsschlag der Gesellschaft\u00bb"},"content":{"rendered":"<p class=\"MsoPlainText\">Hannover (epd). Der hannoversche Landesbischof Ralf Meister hat zur Beteiligung an den f\u00fcr diesen Freitag (24. September) angek\u00fcndigten Demonstrationen f\u00fcr mehr Klimaschutz aufgerufen. \u00abEs ist dringend an der Zeit den Klimaschutz wieder ganz oben auf die Tagesordnung zu setzen\u00bb, sagte Meister am Mittwoch in Hannover.<\/p>\n<p class=\"MsoPlainText\">&nbsp;<\/p>\n<p class=\"MsoPlainText\">\u00abDie Demonstrationen sind ein wichtiger Pulsschlag unserer Gesellschaft\u00bb, f\u00fcgte der evangelische Bischof hinzu. \u00abSie erinnern uns alle daran: Wir haben nicht mehr alle Zeit der Welt.\u00bb Die Zukunftsf\u00e4higkeit des Planeten Erde h\u00e4nge von jeder und jedem Einzelnen ab &#8211; ebenso wie von politischen Entscheidungen.<\/p>\n<p class=\"MsoPlainText\">&nbsp;<\/p>\n<p class=\"MsoPlainText\">\u00abDass vor allem junge Menschen uns dr\u00e4ngen und den Puls unserer Gesellschaft beschleunigen, ist ein wichtiges und notwendiges Zeichen, das wir aufnehmen m\u00fcssen\u00bb, erkl\u00e4rte Meister. Deshalb spreche er die \u00abgro\u00dfe Einladung an alle\u00bb aus, am Freitag selbst aktiv zu sein und einen Beitrag f\u00fcr Ver\u00e4nderungen zu leisten.<\/p>\n<p class=\"MsoPlainText\">&nbsp;<\/p>\n<p class=\"MsoPlainText\">Die Initiative \u00abFridays for Future\u00bb und zahlreiche weitere Organisationen haben f\u00fcr Freitag einen \u00abglobalen Klimastreik\u00bb angek\u00fcndigt. Bundesweit sind in rund 430 Orten Demonstrationen und Kundgebungen geplant, in Niedersachsen und Bremen sind es etwa 50.&nbsp;Alleine in Hannover und G\u00f6ttingen rechnen Veranstalter und Polizei mit jeweils mehreren Tausend Teilnehmern.<\/p>\n<p>Kirche-Oldenburg<br \/>\n<a href=\"https:\/\/www.kirche-oldenburg.de\/\/aktuell\/news-niedersachsen\/artikel\/meister-klima-demos-sind-wichtiger-pulsschlag-der-gesellschaft\" target=\"_blank\" rel=\"noopener\">Meister: Klima-Demos sind \u00abwichtiger Pulsschlag der Gesellschaft\u00bb<\/a><\/p>\n","protected":false},"excerpt":{"rendered":"<p>Hannover (epd). Der hannoversche Landesbischof Ralf Meister hat zur Beteiligung an den f\u00fcr diesen Freitag (24. September) angek\u00fcndigten Demonstrationen f\u00fcr mehr Klimaschutz aufgerufen. \u00abEs ist dringend an der Zeit den Klimaschutz wieder ganz oben auf die Tagesordnung zu setzen\u00bb, sagte Meister am Mittwoch in Hannover. &nbsp; \u00abDie Demonstrationen sind ein wichtiger Pulsschlag unserer Gesellschaft\u00bb, f\u00fcgte der evangelische Bischof hinzu. \u00abSie erinnern uns alle daran: Wir haben nicht mehr alle Zeit der Welt.\u00bb Die Zukunftsf\u00e4higkeit des Planeten Erde h\u00e4nge von jeder und jedem Einzelnen ab &#8211; ebenso wie von politischen Entscheidungen. &nbsp; \u00abDass vor allem junge Menschen uns dr\u00e4ngen und den&#8230;<\/p>\n","protected":false},"author":7,"featured_media":0,"comment_status":"false","ping_status":"open","sticky":false,"template":"","format":"standard","meta":{"footnotes":""},"categories":[43],"tags":[44],"class_list":["post-18840","post","type-post","status-publish","format-standard","hentry","category-kirche-oldenburg","tag-kirche-oldenburg"],"_links":{"self":[{"href":"https:\/\/christusnews.de\/site\/wp-json\/wp\/v2\/posts\/18840","targetHints":{"allow":["GET"]}}],"collection":[{"href":"https:\/\/christusnews.de\/site\/wp-json\/wp\/v2\/posts"}],"about":[{"href":"https:\/\/christusnews.de\/site\/wp-json\/wp\/v2\/types\/post"}],"author":[{"embeddable":true,"href":"https:\/\/christusnews.de\/site\/wp-json\/wp\/v2\/users\/7"}],"replies":[{"embeddable":true,"href":"https:\/\/christusnews.de\/site\/wp-json\/wp\/v2\/comments?post=18840"}],"version-history":[{"count":1,"href":"https:\/\/christusnews.de\/site\/wp-json\/wp\/v2\/posts\/18840\/revisions"}],"predecessor-version":[{"id":18841,"href":"https:\/\/christusnews.de\/site\/wp-json\/wp\/v2\/posts\/18840\/revisions\/18841"}],"wp:attachment":[{"href":"https:\/\/christusnews.de\/site\/wp-json\/wp\/v2\/media?parent=18840"}],"wp:term":[{"taxonomy":"category","embeddable":true,"href":"https:\/\/christusnews.de\/site\/wp-json\/wp\/v2\/categories?post=18840"},{"taxonomy":"post_tag","embeddable":true,"href":"https:\/\/christusnews.de\/site\/wp-json\/wp\/v2\/tags?post=18840"}],"curies":[{"name":"wp","href":"https:\/\/api.w.org\/{rel}","templated":true}]}}