{"id":18890,"date":"2021-09-29T09:01:22","date_gmt":"2021-09-29T07:01:22","guid":{"rendered":"https:\/\/christusnews.de\/site\/havenkirche-erntedank-in-heppensin-heppens-dreht-sich-zu-erntedank-in-diesem-jahr-alles-um-den-apfel-schon-in-den-tagen-vorher-werden-in-der-kita-und-bei-einer-grossen-ernte-aktion-fuer-kinder-aep\/"},"modified":"2021-09-29T11:17:37","modified_gmt":"2021-09-29T09:17:37","slug":"havenkirche-erntedank-in-heppensin-heppens-dreht-sich-zu-erntedank-in-diesem-jahr-alles-um-den-apfel-schon-in-den-tagen-vorher-werden-in-der-kita-und-bei-einer-grossen-ernte-aktion-fuer-kinder-aep","status":"publish","type":"post","link":"https:\/\/christusnews.de\/site\/havenkirche-erntedank-in-heppensin-heppens-dreht-sich-zu-erntedank-in-diesem-jahr-alles-um-den-apfel-schon-in-den-tagen-vorher-werden-in-der-kita-und-bei-einer-grossen-ernte-aktion-fuer-kinder-aep\/","title":{"rendered":"Havenkirche &#8211; Erntedank in Heppens\nIn Heppens dreht sich zu Erntedank in diesem Jahr alles um den Apfel.\nSchon in den Tagen vorher werden in der Kita und bei einer gro\u00dfen Ernte-Aktion f\u00fcr Kinder \u00c4pfel geerntet und verarbeitet.\nIn der Heppenser Kirche finden am 3. Oktober gleich zwei Gottesdienste statt.\nUm 10 Uhr beginnt ein festlicher Gottesdienst, in dem die Erntekrone mit bunten Dankb\u00e4ndern geschm\u00fcckt wird. Um 12 Uhr sind dann Gro\u00df und Klein zu einem Familiengottesdienst zu Erntedank eingeladen.\nNach beiden Gottesdiensten gibt es den traditionellen K\u00fcrbisstuten, Kaffee, Tee und nat\u00fcrlich selbst gepressten Apfelsaft."},"content":{"rendered":"<p>Havenkirche &#8211; Erntedank in Heppens<br \/>\nIn Heppens dreht sich zu Erntedank in diesem Jahr alles um den Apfel.<br \/>\nSchon in den Tagen vorher werden in der Kita und bei einer gro\u00dfen Ernte-Aktion f\u00fcr Kinder \u00c4pfel geerntet und verarbeitet.<br \/>\nIn der Heppenser Kirche finden am 3. Oktober gleich zwei Gottesdienste statt.<br \/>\nUm 10 Uhr beginnt ein festlicher Gottesdienst, in dem die Erntekrone mit bunten Dankb\u00e4ndern geschm\u00fcckt wird. Um 12 Uhr sind dann Gro\u00df und Klein zu einem Familiengottesdienst zu Erntedank eingeladen.<br \/>\nNach beiden Gottesdiensten gibt es den traditionellen K\u00fcrbisstuten, Kaffee, Tee und nat\u00fcrlich selbst gepressten Apfelsaft.<br \/>\nHAVENKIRCHE@FB<br \/>\n<a href=\"https:\/\/www.facebook.com\/112846133689282\/posts\/400648638242362\/\" target=\"_blank\" rel=\"noopener\">Havenkirche &#8211; Erntedank in Heppens<br \/>\nIn Heppens dreht sich zu Erntedank in diesem Jahr alles um den Apfel.<br \/>\nSchon in den Tagen vorher werden in der Kita und bei einer gro\u00dfen Ernte-Aktion f\u00fcr Kinder \u00c4pfel geerntet und verarbeitet.<br \/>\nIn der Heppenser Kirche finden am 3. Oktober gleich zwei Gottesdienste statt.<br \/>\nUm 10 Uhr beginnt ein festlicher Gottesdienst, in dem die Erntekrone mit bunten Dankb\u00e4ndern geschm\u00fcckt wird. Um 12 Uhr sind dann Gro\u00df und Klein zu einem Familiengottesdienst zu Erntedank eingeladen.<br \/>\nNach beiden Gottesdiensten gibt es den traditionellen K\u00fcrbisstuten, Kaffee, Tee und nat\u00fcrlich selbst gepressten Apfelsaft.<\/a><\/p>\n","protected":false},"excerpt":{"rendered":"<p>Havenkirche &#8211; Erntedank in Heppens In Heppens dreht sich zu Erntedank in diesem Jahr alles um den Apfel. Schon in den Tagen vorher werden in der Kita und bei einer gro\u00dfen Ernte-Aktion f\u00fcr Kinder \u00c4pfel geerntet und verarbeitet. In der Heppenser Kirche finden am 3. Oktober gleich zwei Gottesdienste statt. Um 10 Uhr beginnt ein festlicher Gottesdienst, in dem die Erntekrone mit bunten Dankb\u00e4ndern geschm\u00fcckt wird. Um 12 Uhr sind dann Gro\u00df und Klein zu einem Familiengottesdienst zu Erntedank eingeladen. Nach beiden Gottesdiensten gibt es den traditionellen K\u00fcrbisstuten, Kaffee, Tee und nat\u00fcrlich selbst gepressten Apfelsaft. HAVENKIRCHE@FB Havenkirche &#8211; Erntedank in&#8230;<\/p>\n","protected":false},"author":6,"featured_media":0,"comment_status":"false","ping_status":"open","sticky":false,"template":"","format":"standard","meta":{"footnotes":""},"categories":[75],"tags":[76],"class_list":["post-18890","post","type-post","status-publish","format-standard","hentry","category-havenkirche","tag-havenkirche"],"_links":{"self":[{"href":"https:\/\/christusnews.de\/site\/wp-json\/wp\/v2\/posts\/18890","targetHints":{"allow":["GET"]}}],"collection":[{"href":"https:\/\/christusnews.de\/site\/wp-json\/wp\/v2\/posts"}],"about":[{"href":"https:\/\/christusnews.de\/site\/wp-json\/wp\/v2\/types\/post"}],"author":[{"embeddable":true,"href":"https:\/\/christusnews.de\/site\/wp-json\/wp\/v2\/users\/6"}],"replies":[{"embeddable":true,"href":"https:\/\/christusnews.de\/site\/wp-json\/wp\/v2\/comments?post=18890"}],"version-history":[{"count":1,"href":"https:\/\/christusnews.de\/site\/wp-json\/wp\/v2\/posts\/18890\/revisions"}],"predecessor-version":[{"id":18891,"href":"https:\/\/christusnews.de\/site\/wp-json\/wp\/v2\/posts\/18890\/revisions\/18891"}],"wp:attachment":[{"href":"https:\/\/christusnews.de\/site\/wp-json\/wp\/v2\/media?parent=18890"}],"wp:term":[{"taxonomy":"category","embeddable":true,"href":"https:\/\/christusnews.de\/site\/wp-json\/wp\/v2\/categories?post=18890"},{"taxonomy":"post_tag","embeddable":true,"href":"https:\/\/christusnews.de\/site\/wp-json\/wp\/v2\/tags?post=18890"}],"curies":[{"name":"wp","href":"https:\/\/api.w.org\/{rel}","templated":true}]}}