{"id":1896,"date":"2015-04-29T10:36:00","date_gmt":"2015-04-29T08:36:00","guid":{"rendered":"http:\/\/christusnews.de\/site\/mit-17-da-hat-man-noch-traeume\/"},"modified":"2015-04-29T10:36:00","modified_gmt":"2015-04-29T08:36:00","slug":"mit-17-da-hat-man-noch-traeume","status":"publish","type":"post","link":"https:\/\/christusnews.de\/site\/mit-17-da-hat-man-noch-traeume\/","title":{"rendered":"\u201eMit 17, da hat man noch Tr\u00e4ume\u201c"},"content":{"rendered":"<p>Zu einem \u00f6kumenischen Gottesdienst am Vorabend des 1. Mai l\u00e4dt der Ev.-luth. Kirchenkreis Oldenburg-Stadt zusammen mit Gewerkschaften und Mitarbeitervertretungen in die Oldenburger St. Lamberti-Kirche ein. \u201eDieses Jahr geht es um die jungen Leute auf dem Arbeitsmarkt, insbesondere nach der Einf\u00fchrung des Mindestlohns\u201c, erl\u00e4uterte Kreispfarrerin Ulrike Hoffmann. <\/p>\n<p>\u201eMit 17, da hat man noch Tr\u00e4ume\u201c ist der Titel des Gottesdienstes. Junge Leute aus den Berufsschulen werden von ihren beruflichen Tr\u00e4umen erz\u00e4hlen. Die Predigt h\u00e4lt der Schulpfarrer an der Berufsschule Ulrich Welz. Der Gottesdienst am Donnerstag, 30. April, beginnt um 18 Uhr in der St. Lamberti-Kirche. <\/p>\n<p>Source: Kirche-Oldenburg<\/p>\n","protected":false},"excerpt":{"rendered":"<p>Zu einem \u00f6kumenischen Gottesdienst am Vorabend des 1. Mai l\u00e4dt der Ev.-luth. Kirchenkreis Oldenburg-Stadt zusammen mit Gewerkschaften und Mitarbeitervertretungen in die Oldenburger St. Lamberti-Kirche ein. \u201eDieses Jahr geht es um die jungen Leute auf dem Arbeitsmarkt, insbesondere nach der Einf\u00fchrung des Mindestlohns\u201c, erl\u00e4uterte Kreispfarrerin Ulrike Hoffmann. \u201eMit 17, da hat man noch Tr\u00e4ume\u201c ist der Titel des Gottesdienstes. Junge Leute aus den Berufsschulen werden von ihren beruflichen Tr\u00e4umen erz\u00e4hlen. Die Predigt h\u00e4lt der Schulpfarrer an der Berufsschule Ulrich Welz. Der Gottesdienst am Donnerstag, 30. April, beginnt um 18 Uhr in der St. Lamberti-Kirche. Source: Kirche-Oldenburg<\/p>\n","protected":false},"author":5,"featured_media":0,"comment_status":"false","ping_status":"open","sticky":false,"template":"","format":"standard","meta":{"footnotes":""},"categories":[43],"tags":[44],"class_list":["post-1896","post","type-post","status-publish","format-standard","hentry","category-kirche-oldenburg","tag-kirche-oldenburg"],"_links":{"self":[{"href":"https:\/\/christusnews.de\/site\/wp-json\/wp\/v2\/posts\/1896","targetHints":{"allow":["GET"]}}],"collection":[{"href":"https:\/\/christusnews.de\/site\/wp-json\/wp\/v2\/posts"}],"about":[{"href":"https:\/\/christusnews.de\/site\/wp-json\/wp\/v2\/types\/post"}],"author":[{"embeddable":true,"href":"https:\/\/christusnews.de\/site\/wp-json\/wp\/v2\/users\/5"}],"replies":[{"embeddable":true,"href":"https:\/\/christusnews.de\/site\/wp-json\/wp\/v2\/comments?post=1896"}],"version-history":[{"count":0,"href":"https:\/\/christusnews.de\/site\/wp-json\/wp\/v2\/posts\/1896\/revisions"}],"wp:attachment":[{"href":"https:\/\/christusnews.de\/site\/wp-json\/wp\/v2\/media?parent=1896"}],"wp:term":[{"taxonomy":"category","embeddable":true,"href":"https:\/\/christusnews.de\/site\/wp-json\/wp\/v2\/categories?post=1896"},{"taxonomy":"post_tag","embeddable":true,"href":"https:\/\/christusnews.de\/site\/wp-json\/wp\/v2\/tags?post=1896"}],"curies":[{"name":"wp","href":"https:\/\/api.w.org\/{rel}","templated":true}]}}