{"id":19150,"date":"2021-10-28T12:00:00","date_gmt":"2021-10-28T10:00:00","guid":{"rendered":"https:\/\/christusnews.de\/site\/?p=19150"},"modified":"2021-10-26T21:00:15","modified_gmt":"2021-10-26T19:00:15","slug":"frauen","status":"publish","type":"post","link":"https:\/\/christusnews.de\/site\/frauen\/","title":{"rendered":"Frauen"},"content":{"rendered":"\n<p>Der kommende Sonntag ist der 31. Oktober. Reformationstag! In Schortens haben wir zum Reformationsjubil\u00e4um vor 3 Jahren ein St\u00fcck aufgef\u00fchrt, das eine fiktive Zusammenkunft der Ehefrauen von&nbsp;&nbsp;Reformatoren darstellte. Katharina Luther geborene von Bora hatte eingeladen, Frau Melanchthon, Frau Calvin, \u2026. und andere kamen. Die Frauen erz\u00e4hlten vom Leben an der Seite ihrer ber\u00fchmten M\u00e4nner und kamen dabei auch \u00fcber deren wichtige Themen ins Gespr\u00e4ch. Wie haben wir um die unterschiedlichen Formen und Deutungen des Abendmahlsgeschehens&nbsp;&nbsp;gestritten!&nbsp;<\/p>\n\n\n\n<p>Aufregend, schwer und m\u00fchsam war das Leben dieser Frauen! Wie viel Arbeit, Verzicht, Sorgen und Zumutungen mussten von den Familien der Reformatoren geleistet und ertragen werden, um von unterschiedlichen Ans\u00e4tzen aus die Kirche so zu ver\u00e4ndern, dass die \u201eFreiheit des Christenmenschen\u201c und die Liebe Gottes sp\u00fcrbar wurden. Ja, die Zeit der Reformation und das Wirken der Menschen jener Zeit ist bis heute wichtig und bedeutsam f\u00fcr uns. Gut, dass wir uns an jedem 31. Oktober in besonderer Weise daran erinnern k\u00f6nnen!&nbsp;&nbsp;<\/p>\n\n\n\n<p><\/p>\n\n\n\n<blockquote class=\"wp-block-quote is-layout-flow wp-block-quote-is-layout-flow\"><p><strong>Christa Bruns<\/strong><\/p><p>H<em>\u00f6ren Sie diesen Beitrag bei Radio Jade:<\/em><\/p><p><a rel=\"noreferrer noopener\" href=\"http:\/\/www.radio-jade.de\/mediathek\/angedacht\/\" target=\"_blank\"><em>Alle Beitr\u00e4ge im \u00dcberblick | RADIO JADE<\/em><\/a><\/p><\/blockquote>\n","protected":false},"excerpt":{"rendered":"<p>Der kommende Sonntag ist der 31. Oktober. Reformationstag! In Schortens haben wir zum Reformationsjubil\u00e4um vor 3 Jahren ein St\u00fcck aufgef\u00fchrt, das eine fiktive Zusammenkunft der Ehefrauen von&nbsp;&nbsp;Reformatoren darstellte. Katharina Luther geborene von Bora hatte eingeladen, Frau Melanchthon, Frau Calvin, \u2026. und andere kamen. Die Frauen erz\u00e4hlten vom Leben an der Seite ihrer ber\u00fchmten M\u00e4nner und kamen dabei auch \u00fcber deren wichtige Themen ins Gespr\u00e4ch. Wie haben wir um die unterschiedlichen Formen und Deutungen des Abendmahlsgeschehens&nbsp;&nbsp;gestritten!&nbsp; Aufregend, schwer und m\u00fchsam war das Leben dieser Frauen! Wie viel Arbeit, Verzicht, Sorgen und Zumutungen mussten von den Familien der Reformatoren geleistet und ertragen&#8230;<\/p>\n","protected":false},"author":6,"featured_media":1171,"comment_status":"closed","ping_status":"open","sticky":false,"template":"","format":"standard","meta":{"footnotes":""},"categories":[5],"tags":[],"class_list":["post-19150","post","type-post","status-publish","format-standard","has-post-thumbnail","hentry","category-angedacht"],"_links":{"self":[{"href":"https:\/\/christusnews.de\/site\/wp-json\/wp\/v2\/posts\/19150","targetHints":{"allow":["GET"]}}],"collection":[{"href":"https:\/\/christusnews.de\/site\/wp-json\/wp\/v2\/posts"}],"about":[{"href":"https:\/\/christusnews.de\/site\/wp-json\/wp\/v2\/types\/post"}],"author":[{"embeddable":true,"href":"https:\/\/christusnews.de\/site\/wp-json\/wp\/v2\/users\/6"}],"replies":[{"embeddable":true,"href":"https:\/\/christusnews.de\/site\/wp-json\/wp\/v2\/comments?post=19150"}],"version-history":[{"count":1,"href":"https:\/\/christusnews.de\/site\/wp-json\/wp\/v2\/posts\/19150\/revisions"}],"predecessor-version":[{"id":19151,"href":"https:\/\/christusnews.de\/site\/wp-json\/wp\/v2\/posts\/19150\/revisions\/19151"}],"wp:featuredmedia":[{"embeddable":true,"href":"https:\/\/christusnews.de\/site\/wp-json\/wp\/v2\/media\/1171"}],"wp:attachment":[{"href":"https:\/\/christusnews.de\/site\/wp-json\/wp\/v2\/media?parent=19150"}],"wp:term":[{"taxonomy":"category","embeddable":true,"href":"https:\/\/christusnews.de\/site\/wp-json\/wp\/v2\/categories?post=19150"},{"taxonomy":"post_tag","embeddable":true,"href":"https:\/\/christusnews.de\/site\/wp-json\/wp\/v2\/tags?post=19150"}],"curies":[{"name":"wp","href":"https:\/\/api.w.org\/{rel}","templated":true}]}}