{"id":19183,"date":"2021-10-28T17:05:58","date_gmt":"2021-10-28T15:05:58","guid":{"rendered":"https:\/\/christusnews.de\/site\/?p=19183"},"modified":"2021-10-28T17:05:58","modified_gmt":"2021-10-28T15:05:58","slug":"ein-schwieriges-werk-soft-opening-ab-samstag","status":"publish","type":"post","link":"https:\/\/christusnews.de\/site\/ein-schwieriges-werk-soft-opening-ab-samstag\/","title":{"rendered":"Ein Schwieriges Werk. Soft opening ab Samstag"},"content":{"rendered":"\n<p><strong>\u201c2. Juni 1957. Ein schwieriges Werk.\u201d<\/strong><\/p>\n\n\n\n<p>Eine Kunstinstallation der K\u00fcnstler Wiesner &amp; Asche besch\u00e4ftigt sich vom 30. Oktober bis zum 18. November mit dem Mahnmal im Nordschiff der Christus- und Garnisonkirche.  Ab Samstag (30. Oktober) ist die Installation zu sehen. Am 3. November beginnt ein ausf\u00fchrliches Programm (siehe unten und unter TERMINE).  <\/p>\n\n\n\n<p>Am 2. Juni 1957 wurde das Mahnmal eingeweiht. Seine Strahlkraft und seine B\u00fcrde sind bis heute eine Aufgabe der Kirchengemeinde. Welt-Geschichte trifft deutsche Geschichte und verbindet sich mit Stadt- und Kirchengeschichte, um auf privater Ebene greifbar zu werden. Die K\u00fcnstlerInnen Asche und Wiesner haben daf\u00fcr den gesamten Altarbereich mit den beiden Seitenschiffen f\u00fcr eine Installation in den Blick genommen. Ein Begleitprogramm wird die Wochen strukturieren. Suchen Sie sich gerne aus, was f\u00fcr Sie interessant ist. Herzliche Einladung.<\/p>\n\n\n\n<p>3. November \u2013 18 Uhr Damals und jetzt! Interview, Zeitzeugengespr\u00e4ch und Katalogpr\u00e4sentation<\/p>\n\n\n\n<p>7. November \u2013 13.30 Kirchenf\u00fchrung \u2013 Unsere Kirche zwischen 1945 und 1960<\/p>\n\n\n\n<p>7. November, 18 Uhr Abendklang mit Marcel Dunker<\/p>\n\n\n\n<p>9. November, 18 Uhr, Erinnerungsveranstaltung zur Reichspogromnacht<\/p>\n\n\n\n<p>10. November, 19.30 Uhr Vortrag von Stephan Huck, Karl D\u00f6nitz<\/p>\n\n\n\n<p>11. November, 19 Uhr, Meditative Kirchenf\u00fchrung zur Kunstaktion mit Musik, Texte und Lied<\/p>\n\n\n\n<p>14. November, 12 Uhr Gottesdienst zum Volkstrauertag, Das Geheimnis der Vers\u00f6hnung ist die Erinnerung<\/p>\n","protected":false},"excerpt":{"rendered":"<p>\u201c2. Juni 1957. Ein schwieriges Werk.\u201d Eine Kunstinstallation der K\u00fcnstler Wiesner &amp; Asche besch\u00e4ftigt sich vom 30. Oktober bis zum 18. November mit dem Mahnmal im Nordschiff der Christus- und Garnisonkirche. Ab Samstag (30. Oktober) ist die Installation zu sehen. Am 3. November beginnt ein ausf\u00fchrliches Programm (siehe unten und unter TERMINE). Am 2. Juni 1957 wurde das Mahnmal eingeweiht. Seine Strahlkraft und seine B\u00fcrde sind bis heute eine Aufgabe der Kirchengemeinde. Welt-Geschichte trifft deutsche Geschichte und verbindet sich mit Stadt- und Kirchengeschichte, um auf privater Ebene greifbar zu werden. Die K\u00fcnstlerInnen Asche und Wiesner haben daf\u00fcr den gesamten Altarbereich&#8230;<\/p>\n","protected":false},"author":2,"featured_media":18645,"comment_status":"closed","ping_status":"open","sticky":false,"template":"","format":"standard","meta":{"footnotes":""},"categories":[1],"tags":[],"class_list":["post-19183","post","type-post","status-publish","format-standard","has-post-thumbnail","hentry","category-gemeinde"],"_links":{"self":[{"href":"https:\/\/christusnews.de\/site\/wp-json\/wp\/v2\/posts\/19183","targetHints":{"allow":["GET"]}}],"collection":[{"href":"https:\/\/christusnews.de\/site\/wp-json\/wp\/v2\/posts"}],"about":[{"href":"https:\/\/christusnews.de\/site\/wp-json\/wp\/v2\/types\/post"}],"author":[{"embeddable":true,"href":"https:\/\/christusnews.de\/site\/wp-json\/wp\/v2\/users\/2"}],"replies":[{"embeddable":true,"href":"https:\/\/christusnews.de\/site\/wp-json\/wp\/v2\/comments?post=19183"}],"version-history":[{"count":1,"href":"https:\/\/christusnews.de\/site\/wp-json\/wp\/v2\/posts\/19183\/revisions"}],"predecessor-version":[{"id":19184,"href":"https:\/\/christusnews.de\/site\/wp-json\/wp\/v2\/posts\/19183\/revisions\/19184"}],"wp:featuredmedia":[{"embeddable":true,"href":"https:\/\/christusnews.de\/site\/wp-json\/wp\/v2\/media\/18645"}],"wp:attachment":[{"href":"https:\/\/christusnews.de\/site\/wp-json\/wp\/v2\/media?parent=19183"}],"wp:term":[{"taxonomy":"category","embeddable":true,"href":"https:\/\/christusnews.de\/site\/wp-json\/wp\/v2\/categories?post=19183"},{"taxonomy":"post_tag","embeddable":true,"href":"https:\/\/christusnews.de\/site\/wp-json\/wp\/v2\/tags?post=19183"}],"curies":[{"name":"wp","href":"https:\/\/api.w.org\/{rel}","templated":true}]}}