{"id":19210,"date":"2021-10-31T08:59:00","date_gmt":"2021-10-31T07:59:00","guid":{"rendered":"https:\/\/christusnews.de\/site\/reformationstag-bischoefe-mahnen-gerechtigkeit-und-solidaritaet-an-theologen-rufen-dazu-auf-friedlich-miteinander-umzugehen\/"},"modified":"2021-11-01T10:18:06","modified_gmt":"2021-11-01T09:18:06","slug":"reformationstag-bischoefe-mahnen-gerechtigkeit-und-solidaritaet-an-theologen-rufen-dazu-auf-friedlich-miteinander-umzugehen","status":"publish","type":"post","link":"https:\/\/christusnews.de\/site\/reformationstag-bischoefe-mahnen-gerechtigkeit-und-solidaritaet-an-theologen-rufen-dazu-auf-friedlich-miteinander-umzugehen\/","title":{"rendered":"Reformationstag: Bisch\u00f6fe mahnen Gerechtigkeit und Solidarit\u00e4t an &#8211; Theologen rufen dazu auf, friedlich miteinander umzugehen"},"content":{"rendered":"<p class=\"MsoPlainText\">Loccum\/Bremen (epd). Bisch\u00f6fe und leitende Repr\u00e4sentanten der evangelischen Kirchen in Niedersachsen und Bremen haben am Reformationstag an die Menschen appelliert, gesellschaftliche Verantwortung zu \u00fcbernehmen, Br\u00fccken zu bauen und wertsch\u00e4tzend miteinander umzugehen. Die Geistlichen erinnerten daran, dass viele Menschen durch die Pandemie in Not geraten seien und Hilfe brauchten.<\/p>\n<p class=\"MsoPlainText\">&nbsp;<\/p>\n<p class=\"MsoPlainText\">Der Oldenburger evangelische Bischof Thomas Adomeit und der katholische Weihbischof Wilfried Theising aus Vechta forderten auf der zentralen Veranstaltung der christlichen Kirchen im Oldenburger Land einen h\u00f6heren Einsatz f\u00fcr Gerechtigkeit. Sie sei die gr\u00f6\u00dfte Bedingung, unter der ein Leben im friedlichen Miteinander der Menschen und im Einklang mit Gottes Sch\u00f6pfung gelingen k\u00f6nne, sagte Adomeit, der auch Ratsvorsitzender der Konf\u00f6deration evangelischer Kirchen in Niedersachsen ist, bei der \u00f6kumenischen Andacht in der Delmenhorster Stadtkirche. Theising unterstrich die besondere Bedeutung von Gerechtigkeit in der Corona-Pandemie. Es gehe beispielswiese um die Frage, ob medizinische und pflegende Berufe ausreichend Wertsch\u00e4tzung erf\u00fchren, sagte Theising.<\/p>\n<p class=\"MsoPlainText\">&nbsp;<\/p>\n<p class=\"MsoPlainText\">Der hannoversche Landesbischof Ralf Meister nahm ebenfalls Bezug auf die Corona-Krise und warnte, die pers\u00f6nliche Freiheit selbstverst\u00e4ndlich zu nehmen. In der Pandemie seien viele Freiheiten vor\u00fcbergehend au\u00dfer Kraft gesetzt gewesen, sagte Meister in einem Rundfunkgottesdienst, der aus der Stiftskirche des Klosters Loccum bei Nienburg \u00fcbertragen wurde. \u00abDas war sinnvoll und schmerzhaft zugleich. Erinnert sei nur an die eingeschr\u00e4nkten oder grunds\u00e4tzlich verbotenen Besuche in Alten- und Pflegeheimen.\u00bb Auch Martin Luther sei ein Freiheitsk\u00e4mpfer gewesen. Doch brauche die Freiheit eine Haltung und innere Verpflichtung, mahnte Meister. \u00abDenn es gibt eine Freiheit zur Gewalt und zur Missachtung anderer Menschen genauso wie eine Freiheit zum Frieden und zur Solidarit\u00e4t mit anderen Menschen.\u00bb<\/p>\n<p class=\"MsoPlainText\">&nbsp;<\/p>\n<p class=\"MsoPlainText\">Der braunschweigische Landesbischof Christoph Meyns bat die Menschen angesichts der andauernden Corona-Pandemie, Ruhe, Geduld und Gelassenheit zu wahren. Sie sollten im Bekanntenkreis Verschw\u00f6rungstheoretikern und Coronaleugnern entgegentreten, \u00c4ngste vor Impfungen nehmen und sich so verhalten, dass Infektionsketten durchbrochen werden, sagte der evangelische Theologe im Braunschweiger Dom. So wie der Reformator Martin Luther Kritik ge\u00fcbt habe, so gebe es auch heute immer wieder Anl\u00e4sse, das eigene Wort kritisch zu erheben, predigte Meyns und nannte als Beispiel die Situation der Fl\u00fcchtlinge in den Lagern auf den griechischen Inseln und an der polnisch-belarussischen Grenze.<\/p>\n<p class=\"MsoPlainText\">&nbsp;<\/p>\n<p class=\"MsoPlainText\">Bremens leitender evangelischer Theologe Bernd Kuschnerus verwies in einem \u00f6kumenischen Gottesdienst im Dom der Hansestadt auf die vorbehaltlose Liebe als zentralen Gedanken der Reformation. Wenn Menschen einander liebten, sei das weder Strafe noch Belohnung, \u00abes ist einfach Liebe\u00bb, sagte Kuschnerus. \u00abDie Entdeckung der Reformatoren ist: So ist das bei Gott.\u00bb Beteiligt war an dem Gottesdienst unter anderen auch Bremens katholischer Propst Bernhard Stecker. Aus der reformierten Kirche in Bremen-Aumund \u00fcbertrug die ARD einen vorab aufgezeichneten Fernsehgottesdienst. Im Mittelpunkt stand die Frage, ob die Freiheit des Glaubens, wie sie Luther vor 500 Jahren proklamierte, in der heutigen Zeit noch wirkt.<\/p>\n<p class=\"MsoPlainText\">&nbsp;<\/p>\n<p class=\"MsoPlainText\">In der Diskussion um Zugangsregeln in der Corona-Pandemie warb die evangelisch-reformierte Kirchenpr\u00e4sidentin Susanne Bei der Wieden f\u00fcr \u00abkreative Wege\u00bb des Aufeinander-Zugehens. \u00abWir brauchen Liebe, die Br\u00fccken baut, die Menschen sagt: Komm rein, komm zur\u00fcck\u00bb, predigte Bei der Wieden in einem \u00f6kumenischen Gottesdienst im ostfriesischen Westoverledingen bei Leer. \u00abWir brauchen den liebevollen Blick f\u00fcreinander\u00bb, sagte die Kirchenpr\u00e4sidentin.<\/p>\n<p class=\"MsoPlainText\">&nbsp;<\/p>\n<p class=\"MsoPlainText\">Der schaumburg-lippische Landesbischof Karl-Hinrich Manzke appellierte an die Menschen, gn\u00e4dig mit sich selbst zu sein und mit der eigenen Unvollkommenheit nachsichtig umzugehen. \u00abWir leben in Zeiten, in denen Fehler gnadenlos ans Licht gezerrt werden, es gibt einen teuflischen Druck, aus dem man sich bisweilen nur schwer befreien kann\u00bb, predigte Manzke in der Kirche in Bad Eilsen.<\/p>\n<p class=\"MsoPlainText\">&nbsp;<\/p>\n<p class=\"MsoPlainText\">Am Reformationstag erinnern Protestanten in aller Welt an die Anf\u00e4nge der evangelischen Kirche vor rund 500 Jahren. Die vom damaligen Augustinerm\u00f6nch Martin Luther (1483-1546) um den 31. Oktober 1517 von Wittenberg aus verbreiteten 95 Thesen gegen kirchliche Missst\u00e4nde wurden zum Ausgangspunkt einer Erneuerungsbewegung.<\/p>\n<p>Kirche-Oldenburg<br \/>\n<a href=\"https:\/\/www.kirche-oldenburg.de\/\/aktuell\/news-niedersachsen\/artikel\/reformationstag-bischoefe-mahnen-gerechtigkeit-und-solidaritaet-an-theologen-rufen-dazu-auf-friedlich-miteinander-umzugehen\" target=\"_blank\" rel=\"noopener\">Reformationstag: Bisch\u00f6fe mahnen Gerechtigkeit und Solidarit\u00e4t an &#8211; Theologen rufen dazu auf, friedlich miteinander umzugehen<\/a><\/p>\n","protected":false},"excerpt":{"rendered":"<p>Loccum\/Bremen (epd). Bisch\u00f6fe und leitende Repr\u00e4sentanten der evangelischen Kirchen in Niedersachsen und Bremen haben am Reformationstag an die Menschen appelliert, gesellschaftliche Verantwortung zu \u00fcbernehmen, Br\u00fccken zu bauen und wertsch\u00e4tzend miteinander umzugehen. Die Geistlichen erinnerten daran, dass viele Menschen durch die Pandemie in Not geraten seien und Hilfe brauchten. &nbsp; Der Oldenburger evangelische Bischof Thomas Adomeit und der katholische Weihbischof Wilfried Theising aus Vechta forderten auf der zentralen Veranstaltung der christlichen Kirchen im Oldenburger Land einen h\u00f6heren Einsatz f\u00fcr Gerechtigkeit. Sie sei die gr\u00f6\u00dfte Bedingung, unter der ein Leben im friedlichen Miteinander der Menschen und im Einklang mit Gottes Sch\u00f6pfung gelingen&#8230;<\/p>\n","protected":false},"author":7,"featured_media":0,"comment_status":"false","ping_status":"open","sticky":false,"template":"","format":"standard","meta":{"footnotes":""},"categories":[43],"tags":[44],"class_list":["post-19210","post","type-post","status-publish","format-standard","hentry","category-kirche-oldenburg","tag-kirche-oldenburg"],"_links":{"self":[{"href":"https:\/\/christusnews.de\/site\/wp-json\/wp\/v2\/posts\/19210","targetHints":{"allow":["GET"]}}],"collection":[{"href":"https:\/\/christusnews.de\/site\/wp-json\/wp\/v2\/posts"}],"about":[{"href":"https:\/\/christusnews.de\/site\/wp-json\/wp\/v2\/types\/post"}],"author":[{"embeddable":true,"href":"https:\/\/christusnews.de\/site\/wp-json\/wp\/v2\/users\/7"}],"replies":[{"embeddable":true,"href":"https:\/\/christusnews.de\/site\/wp-json\/wp\/v2\/comments?post=19210"}],"version-history":[{"count":1,"href":"https:\/\/christusnews.de\/site\/wp-json\/wp\/v2\/posts\/19210\/revisions"}],"predecessor-version":[{"id":19211,"href":"https:\/\/christusnews.de\/site\/wp-json\/wp\/v2\/posts\/19210\/revisions\/19211"}],"wp:attachment":[{"href":"https:\/\/christusnews.de\/site\/wp-json\/wp\/v2\/media?parent=19210"}],"wp:term":[{"taxonomy":"category","embeddable":true,"href":"https:\/\/christusnews.de\/site\/wp-json\/wp\/v2\/categories?post=19210"},{"taxonomy":"post_tag","embeddable":true,"href":"https:\/\/christusnews.de\/site\/wp-json\/wp\/v2\/tags?post=19210"}],"curies":[{"name":"wp","href":"https:\/\/api.w.org\/{rel}","templated":true}]}}