{"id":19224,"date":"2021-11-01T09:57:00","date_gmt":"2021-11-01T08:57:00","guid":{"rendered":"https:\/\/christusnews.de\/site\/75-jahre-niedersachsen-bischof-bode-mahnt-zusammenhalt-an\/"},"modified":"2021-11-02T10:18:11","modified_gmt":"2021-11-02T09:18:11","slug":"75-jahre-niedersachsen-bischof-bode-mahnt-zusammenhalt-an","status":"publish","type":"post","link":"https:\/\/christusnews.de\/site\/75-jahre-niedersachsen-bischof-bode-mahnt-zusammenhalt-an\/","title":{"rendered":"75 Jahre Niedersachsen: Bischof Bode mahnt Zusammenhalt an"},"content":{"rendered":"<p class=\"MsoPlainText\">Hannover (epd). In einem festlichen \u00f6kumenischen Gottesdienst haben Repr\u00e4sentanten aus Politik, Kirche, Religion und Gesellschaft am Montag auf die Gr\u00fcndung des Landes Niedersachsen vor 75 Jahren zur\u00fcckgeblickt. Dabei rief der katholische Bischof Franz-Josef Bode aus Osnabr\u00fcck zum gesellschaftlichen Zusammenhalt auf: Die Verantwortlichen des \u00f6ffentlichen Lebens m\u00fcssten f\u00fcr diejenigen Menschen eintreten, die am Rande st\u00fcnden und in der Wohlstandsgesellschaft durch die Maschen fielen, sagte er in der evangelischen Marktkirche in Hannover.<\/p>\n<p class=\"MsoPlainText\">&nbsp;<\/p>\n<p class=\"MsoPlainText\">An dem Gottesdienst nahmen rund 200 Menschen teil, darunter Ministerpr\u00e4sident Stephan Weil (SPD) und zwei seiner Amtsvorg\u00e4nger: Altbundespr\u00e4sident Christian Wulff (CDU) und Altkanzler Gerhard Schr\u00f6der (SPD). Bischof Bode sagte, es gehe um eine \u00abZivilgesellschaft, in der Menschen in ihren Lebenslagen wahrgenommen werden und zum Handeln motiviert werden\u00bb. Daf\u00fcr setzten sich auch die Kirchen und Religionsgemeinschaften ein.<\/p>\n<p class=\"MsoPlainText\">&nbsp;<\/p>\n<p class=\"MsoPlainText\">Der Bischof warnte von einer \u00fcberm\u00e4\u00dfigen \u00d6konomisierung aller Lebensbereiche \u00abbis in unser Denken und F\u00fchlen hinein\u00bb und vor einer immer gr\u00f6\u00dferen Spaltung zwischen Arm und Reich. Auch einer Entwicklung von Populismus, der Fremdenhass und Antisemitismus sch\u00fcre, m\u00fcsse die Politik entgegentreten.<\/p>\n<p class=\"MsoPlainText\">&nbsp;<\/p>\n<p class=\"MsoPlainText\">Der Vorstandsvorsitzende des Islam-Verbandes Schura Niedersachsen, Recep Bilgen, appellierte in einer interreligi\u00f6sen Friedensbotschaft an alle Menschen, Hassreden ein Ende zu bereiten, weil diese Konflikte und sogar Kriege hervorrufen k\u00f6nnten. Er rief ebenso wie der Archimandrit Gerasimos Frangulakis von der griechisch-orthodoxen Kirche zum Einsatz f\u00fcr den Frieden auf.<\/p>\n<p class=\"MsoPlainText\">&nbsp;<\/p>\n<p class=\"MsoPlainText\">Die liturgische Leitung des Gottesdienstes hatte der Oldenburger Bischof Thomas Adomeit, der auch Ratsvorsitzender der Konf\u00f6deration evangelischer Kirchen in Niedersachsen ist. Die Kollekte war f\u00fcr das Grenzdurchgangslager Friedland bei G\u00f6ttingen bestimmt, wo sich Diakonie und Caritas seit 1945 engagieren.<\/p>\n<p class=\"MsoPlainText\">&nbsp;<\/p>\n<p class=\"MsoPlainText\">Der \u00f6kumenische Gottesdienst bildete den Auftakt der Feierlichkeiten zum 75-j\u00e4hrigen Landesjubil\u00e4um. Zu einem anschlie\u00dfenden Festakt im Kuppelsaal des Kongresszentrums wurden rund 2.000 G\u00e4ste erwartet. In einem Saal des Kongresszentrums war vor 75 Jahren erstmals das Landtagsplenum zusammengekommen.<\/p>\n<p class=\"MsoPlainText\">&nbsp;<\/p>\n<p class=\"MsoPlainText\">Das Land Niedersachsen wurde am 1. November 1946 auf Anordnung der britischen Milit\u00e4rregierung aus der Provinz Hannover sowie den L\u00e4ndern Braunschweig, Oldenburg und Schaumburg-Lippe gegr\u00fcndet. Die Bev\u00f6lkerung wuchs in den 75 Jahren von 6,3 auf derzeit rund acht Millionen Menschen.<\/p>\n<p>Kirche-Oldenburg<br \/>\n<a href=\"https:\/\/www.kirche-oldenburg.de\/\/aktuell\/news-niedersachsen\/artikel\/75-jahre-niedersachsen-bischof-bode-mahnt-zusammenhalt-an\" target=\"_blank\" rel=\"noopener\">75 Jahre Niedersachsen: Bischof Bode mahnt Zusammenhalt an<\/a><\/p>\n","protected":false},"excerpt":{"rendered":"<p>Hannover (epd). In einem festlichen \u00f6kumenischen Gottesdienst haben Repr\u00e4sentanten aus Politik, Kirche, Religion und Gesellschaft am Montag auf die Gr\u00fcndung des Landes Niedersachsen vor 75 Jahren zur\u00fcckgeblickt. Dabei rief der katholische Bischof Franz-Josef Bode aus Osnabr\u00fcck zum gesellschaftlichen Zusammenhalt auf: Die Verantwortlichen des \u00f6ffentlichen Lebens m\u00fcssten f\u00fcr diejenigen Menschen eintreten, die am Rande st\u00fcnden und in der Wohlstandsgesellschaft durch die Maschen fielen, sagte er in der evangelischen Marktkirche in Hannover. &nbsp; An dem Gottesdienst nahmen rund 200 Menschen teil, darunter Ministerpr\u00e4sident Stephan Weil (SPD) und zwei seiner Amtsvorg\u00e4nger: Altbundespr\u00e4sident Christian Wulff (CDU) und Altkanzler Gerhard Schr\u00f6der (SPD). Bischof Bode sagte,&#8230;<\/p>\n","protected":false},"author":7,"featured_media":0,"comment_status":"false","ping_status":"open","sticky":false,"template":"","format":"standard","meta":{"footnotes":""},"categories":[43],"tags":[44],"class_list":["post-19224","post","type-post","status-publish","format-standard","hentry","category-kirche-oldenburg","tag-kirche-oldenburg"],"_links":{"self":[{"href":"https:\/\/christusnews.de\/site\/wp-json\/wp\/v2\/posts\/19224","targetHints":{"allow":["GET"]}}],"collection":[{"href":"https:\/\/christusnews.de\/site\/wp-json\/wp\/v2\/posts"}],"about":[{"href":"https:\/\/christusnews.de\/site\/wp-json\/wp\/v2\/types\/post"}],"author":[{"embeddable":true,"href":"https:\/\/christusnews.de\/site\/wp-json\/wp\/v2\/users\/7"}],"replies":[{"embeddable":true,"href":"https:\/\/christusnews.de\/site\/wp-json\/wp\/v2\/comments?post=19224"}],"version-history":[{"count":1,"href":"https:\/\/christusnews.de\/site\/wp-json\/wp\/v2\/posts\/19224\/revisions"}],"predecessor-version":[{"id":19225,"href":"https:\/\/christusnews.de\/site\/wp-json\/wp\/v2\/posts\/19224\/revisions\/19225"}],"wp:attachment":[{"href":"https:\/\/christusnews.de\/site\/wp-json\/wp\/v2\/media?parent=19224"}],"wp:term":[{"taxonomy":"category","embeddable":true,"href":"https:\/\/christusnews.de\/site\/wp-json\/wp\/v2\/categories?post=19224"},{"taxonomy":"post_tag","embeddable":true,"href":"https:\/\/christusnews.de\/site\/wp-json\/wp\/v2\/tags?post=19224"}],"curies":[{"name":"wp","href":"https:\/\/api.w.org\/{rel}","templated":true}]}}