{"id":19444,"date":"2021-11-24T11:38:39","date_gmt":"2021-11-24T10:38:39","guid":{"rendered":"https:\/\/christusnews.de\/site\/fachtag-digital-naehe-und-distanz\/"},"modified":"2021-11-24T22:17:18","modified_gmt":"2021-11-24T21:17:18","slug":"fachtag-digital-naehe-und-distanz","status":"publish","type":"post","link":"https:\/\/christusnews.de\/site\/fachtag-digital-naehe-und-distanz\/","title":{"rendered":"Fachtag digital: N\u00e4he und Distanz"},"content":{"rendered":"<p>N\u00e4he und Distanz spielen eine wesentliche Rolle in der Arbeit mit Kindern und Jugendlichen. Nach einer Ann\u00e4herung an die Begriffe Kindeswohl und Kindeswohlgef\u00e4hrdung, werden wir anhand konkreter Beispiele das Spannungsfeld zwischen Ber\u00fchrungsangst und Grenz\u00fcberschreitung in der Arbeit mit Kindern und Jugendlichen ausloten. Wir werden eigene Verunsicherungen aufgreifen und unsere Angebote auf grenzachtende und pr\u00e4ventive Strukturen pr\u00fcfen.<\/p>\n<p>Aufgrund der pandemischen Lage, verlegen wir den geplanten Fachtag ins Digitale! Das bietet uns neue Chancen nochmal neue Schwerpunkte zu setzen und noch genauer \u00fcber ihre Fragen aus ihren Bez\u00fcgen zu der Thematik ins Gespr\u00e4ch zu kommen.<br \/>\nDu hast Interesse und am 3. Dezember vormittags noch nichts im Kalender? Dann nutze die Chance und melde dich noch kurzfristig an! Egal ob Haupt-, Neben-, oder Ehrenamtlich: Wir freuen uns auf dich!<\/p>\n<p>Der Fachtag wird durchgef\u00fchrt von Farina K\u00f6pke und Bj\u00f6rn Kraemer, Bildungsreferent*in im Landesjugendpfarramt f\u00fcr den Bereich Kindeswohl\/Pr\u00e4vention sexualisierter Gewalt, insofern erfahrene Kinderschutzfachkr\u00e4fte und Dana Janssen, Diakonin im Anerkennungsjahr im Landesjugendpfarramt.<\/p>\n<p>Infos und Anmeldung: https:\/\/blog.laju-oldenburg.de\/kindeswohl<\/p>\n<p>Kirche-Oldenburg<br \/>\n<a href=\"https:\/\/www.kirche-oldenburg.de\/\/aktuell\/pressemitteilungen\/artikel\/fachtag-digital-naehe-und-distanz\" target=\"_blank\" rel=\"noopener\">Fachtag digital: N\u00e4he und Distanz<\/a><\/p>\n","protected":false},"excerpt":{"rendered":"<p>N\u00e4he und Distanz spielen eine wesentliche Rolle in der Arbeit mit Kindern und Jugendlichen. Nach einer Ann\u00e4herung an die Begriffe Kindeswohl und Kindeswohlgef\u00e4hrdung, werden wir anhand konkreter Beispiele das Spannungsfeld zwischen Ber\u00fchrungsangst und Grenz\u00fcberschreitung in der Arbeit mit Kindern und Jugendlichen ausloten. Wir werden eigene Verunsicherungen aufgreifen und unsere Angebote auf grenzachtende und pr\u00e4ventive Strukturen pr\u00fcfen. Aufgrund der pandemischen Lage, verlegen wir den geplanten Fachtag ins Digitale! Das bietet uns neue Chancen nochmal neue Schwerpunkte zu setzen und noch genauer \u00fcber ihre Fragen aus ihren Bez\u00fcgen zu der Thematik ins Gespr\u00e4ch zu kommen. Du hast Interesse und am 3. Dezember&#8230;<\/p>\n","protected":false},"author":7,"featured_media":0,"comment_status":"false","ping_status":"open","sticky":false,"template":"","format":"standard","meta":{"footnotes":""},"categories":[43],"tags":[44],"class_list":["post-19444","post","type-post","status-publish","format-standard","hentry","category-kirche-oldenburg","tag-kirche-oldenburg"],"_links":{"self":[{"href":"https:\/\/christusnews.de\/site\/wp-json\/wp\/v2\/posts\/19444","targetHints":{"allow":["GET"]}}],"collection":[{"href":"https:\/\/christusnews.de\/site\/wp-json\/wp\/v2\/posts"}],"about":[{"href":"https:\/\/christusnews.de\/site\/wp-json\/wp\/v2\/types\/post"}],"author":[{"embeddable":true,"href":"https:\/\/christusnews.de\/site\/wp-json\/wp\/v2\/users\/7"}],"replies":[{"embeddable":true,"href":"https:\/\/christusnews.de\/site\/wp-json\/wp\/v2\/comments?post=19444"}],"version-history":[{"count":1,"href":"https:\/\/christusnews.de\/site\/wp-json\/wp\/v2\/posts\/19444\/revisions"}],"predecessor-version":[{"id":19445,"href":"https:\/\/christusnews.de\/site\/wp-json\/wp\/v2\/posts\/19444\/revisions\/19445"}],"wp:attachment":[{"href":"https:\/\/christusnews.de\/site\/wp-json\/wp\/v2\/media?parent=19444"}],"wp:term":[{"taxonomy":"category","embeddable":true,"href":"https:\/\/christusnews.de\/site\/wp-json\/wp\/v2\/categories?post=19444"},{"taxonomy":"post_tag","embeddable":true,"href":"https:\/\/christusnews.de\/site\/wp-json\/wp\/v2\/tags?post=19444"}],"curies":[{"name":"wp","href":"https:\/\/api.w.org\/{rel}","templated":true}]}}