{"id":19448,"date":"2021-11-24T09:53:00","date_gmt":"2021-11-24T08:53:00","guid":{"rendered":"https:\/\/christusnews.de\/site\/diakonie-beschliesst-wirtschaftsplan-ueber-95-millionen-euro\/"},"modified":"2021-11-25T10:17:45","modified_gmt":"2021-11-25T09:17:45","slug":"diakonie-beschliesst-wirtschaftsplan-ueber-95-millionen-euro","status":"publish","type":"post","link":"https:\/\/christusnews.de\/site\/diakonie-beschliesst-wirtschaftsplan-ueber-95-millionen-euro\/","title":{"rendered":"Diakonie beschlie\u00dft Wirtschaftsplan \u00fcber 95 Millionen Euro"},"content":{"rendered":"<p class=\"MsoPlainText\">Oldenburg (epd). Das Diakonische Werk der Evangelisch-Lutherischen Kirche in Oldenburg hat seinen Wirtschaftsplan f\u00fcr das kommende Jahr mit einem Gesamtvolumen von rund 95 Millionen Euro beschlossen. Es sei gelungen, in 2020 einen kleinen Jahres\u00fcberschuss zu erwirtschaften, sagte der kaufm\u00e4nnische Vorstand Uwe K. Kollmann am Mittwoch. \u00abDamit haben wir die Kraft, notwendige Investitionen an den Geb\u00e4uden vorzunehmen und auf die Folgen der Corona-Pandemie zu reagieren.\u00bb<\/p>\n<p class=\"MsoPlainText\">&nbsp;<\/p>\n<p class=\"MsoPlainText\">Das beschlussfassende Gremium, die Diakonische Konferenz, habe bereits Anfang November getagt, erl\u00e4uterte Pressesprecherin Kerstin Kempermann. Corona-bedingt sei dabei nur ein kleiner Kreis in Pr\u00e4senz zusammengekommen. Die Delegierten h\u00e4tten daher die Beschl\u00fcsse erst postalisch best\u00e4tigen m\u00fcssen.<\/p>\n<p>Kirche-Oldenburg<br \/>\n<a href=\"https:\/\/www.kirche-oldenburg.de\/\/aktuell\/news-niedersachsen\/artikel\/diakonie-beschliesst-wirtschaftsplan-ueber-95-millionen-euro\" target=\"_blank\" rel=\"noopener\">Diakonie beschlie\u00dft Wirtschaftsplan \u00fcber 95 Millionen Euro<\/a><\/p>\n","protected":false},"excerpt":{"rendered":"<p>Oldenburg (epd). Das Diakonische Werk der Evangelisch-Lutherischen Kirche in Oldenburg hat seinen Wirtschaftsplan f\u00fcr das kommende Jahr mit einem Gesamtvolumen von rund 95 Millionen Euro beschlossen. Es sei gelungen, in 2020 einen kleinen Jahres\u00fcberschuss zu erwirtschaften, sagte der kaufm\u00e4nnische Vorstand Uwe K. Kollmann am Mittwoch. \u00abDamit haben wir die Kraft, notwendige Investitionen an den Geb\u00e4uden vorzunehmen und auf die Folgen der Corona-Pandemie zu reagieren.\u00bb &nbsp; Das beschlussfassende Gremium, die Diakonische Konferenz, habe bereits Anfang November getagt, erl\u00e4uterte Pressesprecherin Kerstin Kempermann. Corona-bedingt sei dabei nur ein kleiner Kreis in Pr\u00e4senz zusammengekommen. Die Delegierten h\u00e4tten daher die Beschl\u00fcsse erst postalisch best\u00e4tigen m\u00fcssen&#8230;.<\/p>\n","protected":false},"author":7,"featured_media":0,"comment_status":"false","ping_status":"open","sticky":false,"template":"","format":"standard","meta":{"footnotes":""},"categories":[43],"tags":[44],"class_list":["post-19448","post","type-post","status-publish","format-standard","hentry","category-kirche-oldenburg","tag-kirche-oldenburg"],"_links":{"self":[{"href":"https:\/\/christusnews.de\/site\/wp-json\/wp\/v2\/posts\/19448","targetHints":{"allow":["GET"]}}],"collection":[{"href":"https:\/\/christusnews.de\/site\/wp-json\/wp\/v2\/posts"}],"about":[{"href":"https:\/\/christusnews.de\/site\/wp-json\/wp\/v2\/types\/post"}],"author":[{"embeddable":true,"href":"https:\/\/christusnews.de\/site\/wp-json\/wp\/v2\/users\/7"}],"replies":[{"embeddable":true,"href":"https:\/\/christusnews.de\/site\/wp-json\/wp\/v2\/comments?post=19448"}],"version-history":[{"count":1,"href":"https:\/\/christusnews.de\/site\/wp-json\/wp\/v2\/posts\/19448\/revisions"}],"predecessor-version":[{"id":19449,"href":"https:\/\/christusnews.de\/site\/wp-json\/wp\/v2\/posts\/19448\/revisions\/19449"}],"wp:attachment":[{"href":"https:\/\/christusnews.de\/site\/wp-json\/wp\/v2\/media?parent=19448"}],"wp:term":[{"taxonomy":"category","embeddable":true,"href":"https:\/\/christusnews.de\/site\/wp-json\/wp\/v2\/categories?post=19448"},{"taxonomy":"post_tag","embeddable":true,"href":"https:\/\/christusnews.de\/site\/wp-json\/wp\/v2\/tags?post=19448"}],"curies":[{"name":"wp","href":"https:\/\/api.w.org\/{rel}","templated":true}]}}