{"id":19772,"date":"2022-01-01T11:53:00","date_gmt":"2022-01-01T10:53:00","guid":{"rendered":"https:\/\/christusnews.de\/site\/oldenburger-bischof-ekd-braucht-wieder-einen-friedensbeauftragten\/"},"modified":"2022-01-02T22:17:32","modified_gmt":"2022-01-02T21:17:32","slug":"oldenburger-bischof-ekd-braucht-wieder-einen-friedensbeauftragten","status":"publish","type":"post","link":"https:\/\/christusnews.de\/site\/oldenburger-bischof-ekd-braucht-wieder-einen-friedensbeauftragten\/","title":{"rendered":"Oldenburger Bischof: EKD braucht wieder einen Friedensbeauftragten"},"content":{"rendered":"<p>&nbsp;<br \/>\n<em>epd-Gespr\u00e4ch: J\u00f6rg Nielsen<\/em><\/p>\n<p>Oldenburg (epd). Nach Ansicht des Oldenburger Bischofs Thomas Adomeit braucht die Evangelische Kirche in Deutschland (EKD) schnellstm\u00f6glich wieder einen Friedensbeauftragten. \u00abIch halte diese Aufgabe nicht nur f\u00fcr wichtig, sondern f\u00fcr lebensnotwendig\u00bb, sagte er im Gespr\u00e4ch mit dem Evangelischen Pressedienst (epd). Dem Thema Frieden werde derzeit in Deutschland zu wenig Aufmerksamkeit geschenkt &#8211; auch in den Kirchen. \u00abWir m\u00fcssen dieses Thema hochhalten, \u00e4hnlich wie den Klimaschutz.\u00bb Der bisherige Friedensbeauftragte Renke Brahms war im Herbst in den Ruhestand getreten.<\/p>\n<p>In der gesellschaftlichen Debatte werde mittlerweile Gewalt als politisches Mittel wieder toleriert, kritisierte Adomeit. Die Erlebnisgeneration des Zweiten Weltkrieges k\u00f6nne nicht mehr erz\u00e4hlen und warnen. \u00abGewalt ist keine L\u00f6sung. Das m\u00fcssen wir als Kirche wieder deutlicher machen\u00bb, mahnte der Bischof, der auch Ratsvorsitzender der Konf\u00f6deration evangelischer Kirchen in Niedersachsen ist.<\/p>\n<p>Als Pazifist und Kriegsdienstverweigerer lehne er milit\u00e4rische Eins\u00e4tze ab, sagte Adomeit. Beeindruckt habe ihn jedoch der Schriftsteller Navid Kermani. Der habe daran erinnert, dass die Gr\u00fcndung des Landes Niedersachsen aus einer ausl\u00e4ndischen Milit\u00e4rintervention hervorgegangen und ma\u00dfgeblich den Briten zu verdanken sei. Kermani habe an die deutsche Regierung appelliert, die Konflikte und Krisen in der Welt im Auge zu behalten und nach L\u00f6sungen zu suchen.<\/p>\n<p>Wie wichtig diese Haltung sei, habe der R\u00fcckzug des Westens aus Afghanistan gezeigt, erl\u00e4uterte Adomeit: \u00abWir haben dabei Schuld auf uns geladen.\u00bb Es sei eine Aufgabe der Kirchen, sich zumindest bei der Frage der Ortskr\u00e4fte klar zu positionieren: \u00abWir sollten die Menschen aufnehmen, die sich an unsere Seite in Afghanistan gestellt haben und deswegen jetzt verfolgt werden. Das halte ich nicht nur f\u00fcr eine Christenpflicht. Das halte ich f\u00fcr eine Pflicht unseres Landes.\u00bb<\/p>\n<p>Sorge bereite ihm auch der schwelende Konflikt an der russisch-ukrainischen Grenze. \u00abIch halte diesen Konflikt f\u00fcr hochgef\u00e4hrlich, weil wir so wenig dar\u00fcber wissen.\u00bb Wichtig sei nun eine Pers\u00f6nlichkeit als Moderator oder Moderatorin, die von allen Seiten respektiert und anerkannt werde. \u00abIn dieser Rolle k\u00f6nnte ich mir unsere pensionierte Bundeskanzlerin Angela Merkel vorstellen.\u00bb<\/p>\n<p>Der Bischof erinnerte an die geistliche Komponente beim Thema Frieden: Christen sollten das Gebet und die F\u00fcrbitte hochhalten. \u00abFrieden ist ein so hohes Gut, dass ich glaube, allein guter Wille und menschliche H\u00e4nde reichen dazu nicht.\u00bb Das Gebet als Ansprache an Gott k\u00f6nne Menschen ver\u00e4ndern und Herzen \u00f6ffnen: \u00abDas braucht es &#8211; glaube ich &#8211; um manchmal Schritte gehen zu k\u00f6nnen, ohne die nicht Frieden werden kann.\u00bb<\/p>\n<p>Kirche-Oldenburg<br \/>\n<a href=\"https:\/\/www.kirche-oldenburg.de\/\/aktuell\/news-niedersachsen\/artikel\/oldenburger-bischof-ekd-braucht-wieder-einen-friedensbeauftragten\" target=\"_blank\" rel=\"noopener\">Oldenburger Bischof: EKD braucht wieder einen Friedensbeauftragten<\/a><\/p>\n","protected":false},"excerpt":{"rendered":"<p>&nbsp; epd-Gespr\u00e4ch: J\u00f6rg Nielsen Oldenburg (epd). Nach Ansicht des Oldenburger Bischofs Thomas Adomeit braucht die Evangelische Kirche in Deutschland (EKD) schnellstm\u00f6glich wieder einen Friedensbeauftragten. \u00abIch halte diese Aufgabe nicht nur f\u00fcr wichtig, sondern f\u00fcr lebensnotwendig\u00bb, sagte er im Gespr\u00e4ch mit dem Evangelischen Pressedienst (epd). Dem Thema Frieden werde derzeit in Deutschland zu wenig Aufmerksamkeit geschenkt &#8211; auch in den Kirchen. \u00abWir m\u00fcssen dieses Thema hochhalten, \u00e4hnlich wie den Klimaschutz.\u00bb Der bisherige Friedensbeauftragte Renke Brahms war im Herbst in den Ruhestand getreten. In der gesellschaftlichen Debatte werde mittlerweile Gewalt als politisches Mittel wieder toleriert, kritisierte Adomeit. Die Erlebnisgeneration des Zweiten Weltkrieges&#8230;<\/p>\n","protected":false},"author":7,"featured_media":0,"comment_status":"false","ping_status":"open","sticky":false,"template":"","format":"standard","meta":{"footnotes":""},"categories":[43],"tags":[44],"class_list":["post-19772","post","type-post","status-publish","format-standard","hentry","category-kirche-oldenburg","tag-kirche-oldenburg"],"_links":{"self":[{"href":"https:\/\/christusnews.de\/site\/wp-json\/wp\/v2\/posts\/19772","targetHints":{"allow":["GET"]}}],"collection":[{"href":"https:\/\/christusnews.de\/site\/wp-json\/wp\/v2\/posts"}],"about":[{"href":"https:\/\/christusnews.de\/site\/wp-json\/wp\/v2\/types\/post"}],"author":[{"embeddable":true,"href":"https:\/\/christusnews.de\/site\/wp-json\/wp\/v2\/users\/7"}],"replies":[{"embeddable":true,"href":"https:\/\/christusnews.de\/site\/wp-json\/wp\/v2\/comments?post=19772"}],"version-history":[{"count":1,"href":"https:\/\/christusnews.de\/site\/wp-json\/wp\/v2\/posts\/19772\/revisions"}],"predecessor-version":[{"id":19773,"href":"https:\/\/christusnews.de\/site\/wp-json\/wp\/v2\/posts\/19772\/revisions\/19773"}],"wp:attachment":[{"href":"https:\/\/christusnews.de\/site\/wp-json\/wp\/v2\/media?parent=19772"}],"wp:term":[{"taxonomy":"category","embeddable":true,"href":"https:\/\/christusnews.de\/site\/wp-json\/wp\/v2\/categories?post=19772"},{"taxonomy":"post_tag","embeddable":true,"href":"https:\/\/christusnews.de\/site\/wp-json\/wp\/v2\/tags?post=19772"}],"curies":[{"name":"wp","href":"https:\/\/api.w.org\/{rel}","templated":true}]}}