{"id":19774,"date":"2022-01-01T11:51:00","date_gmt":"2022-01-01T10:51:00","guid":{"rendered":"https:\/\/christusnews.de\/site\/weil-dankt-niedersachsen-in-neujahrsansprache-fuer-umgang-mit-pandemie\/"},"modified":"2022-01-02T22:17:32","modified_gmt":"2022-01-02T21:17:32","slug":"weil-dankt-niedersachsen-in-neujahrsansprache-fuer-umgang-mit-pandemie","status":"publish","type":"post","link":"https:\/\/christusnews.de\/site\/weil-dankt-niedersachsen-in-neujahrsansprache-fuer-umgang-mit-pandemie\/","title":{"rendered":"Weil dankt Niedersachsen in Neujahrsansprache f\u00fcr Umgang mit Pandemie"},"content":{"rendered":"<p>Hannover (epd). Ministerpr\u00e4sident Stephan Weil (SPD) hat in seiner Neujahrsansprache den Niedersachsen f\u00fcr ihren Umgang mit der Corona-Pandemie gedankt. \u00abBis hierhin haben wir es in Niedersachsen gemeinsam alles in allem recht gut gemacht\u00bb, sagte Weil in der Ansprache, die am Samstagabend im NDR-Fernsehen ausgestrahlt wird. \u00abDie im Vergleich zu anderen Teilen Deutschlands niedrigeren Infektionszahlen, niedrigeren Todeszahlen und h\u00f6heren Impfquoten sprechen eine deutliche Sprache.\u00bb<\/p>\n<p>Er wolle sich bedanken bei denjenigen, die auf den Intensivstationen um das Leben ihrer Patientinnen und Patienten ringen, bei denjenigen, die in Gesundheits\u00e4mtern unerm\u00fcdlich arbeiteten und bei denjenigen, die die Impfkampagne \u00fcberhaupt erst m\u00f6glich machten, sagte Weil. Dazu komme der Dank an \u00abdie Millionen von B\u00fcrgerinnen und B\u00fcrgern, die Tag f\u00fcr Tag Vorsicht und Zur\u00fcckhaltung \u00fcben, die sich an die Regeln halten und die viel Gemeinsinn beweisen. Eine gute Portion norddeutsche Gelassenheit, eigene Einsicht und viel Gemeinsinn &#8211; das hat uns bis hierhin sehr geholfen.\u00bb<\/p>\n<p>Viele Menschen seien durch die Pandemie und auch durch politische Entscheidungen zum Umgang damit hart getroffen worden, betonte Weil. \u00abDiese Entscheidungen sind uns allesamt nicht leichtgefallen.\u00bb Dennoch sei der Kurs der Landesregierung n\u00f6tig gewesen, um die Kontrolle \u00fcber die Pandemie in Niedersachsen zu behalten. \u00abDaf\u00fcr bitte ich um Ihr Verst\u00e4ndnis.\u00bb<\/p>\n<p>Gelassenheit, Einsicht und Gemeinsinn seien auch zu Beginn des neuen Jahres wichtige Haltungen, die es brauchen werde. Mit der Omikron-Variante des Coronavirus stehe eine erneute Belastungsprobe an, warnte Weil. \u00abDa stehen wir jetzt davor, da m\u00fcssen wir durch. Das bringt die Sache aus meiner Sicht gut auf den Punkt.\u00bb In diesem Zusammenhang rief der Ministerpr\u00e4sident auch erneut zur Impfung auf. \u00abWarum auch immer Sie sich bislang nicht haben impfen lassen &#8211; bitte tun Sie es jetzt! Sch\u00fctzen Sie sich selbst, sch\u00fctzen Sie Ihre Familien.\u00bb<\/p>\n<p><strong>Internet: <\/strong><a href=\"http:\/\/www.stk.niedersachsen.de\">www.stk.niedersachsen.de<\/a><\/p>\n<p>&nbsp;<\/p>\n<p>&nbsp;<\/p>\n<\/p>\n<p>Kirche-Oldenburg<br \/>\n<a href=\"https:\/\/www.kirche-oldenburg.de\/\/aktuell\/news-niedersachsen\/artikel\/weil-dankt-niedersachsen-in-neujahrsansprache-fuer-umgang-mit-pandemie\" target=\"_blank\" rel=\"noopener\">Weil dankt Niedersachsen in Neujahrsansprache f\u00fcr Umgang mit Pandemie<\/a><\/p>\n","protected":false},"excerpt":{"rendered":"<p>Hannover (epd). Ministerpr\u00e4sident Stephan Weil (SPD) hat in seiner Neujahrsansprache den Niedersachsen f\u00fcr ihren Umgang mit der Corona-Pandemie gedankt. \u00abBis hierhin haben wir es in Niedersachsen gemeinsam alles in allem recht gut gemacht\u00bb, sagte Weil in der Ansprache, die am Samstagabend im NDR-Fernsehen ausgestrahlt wird. \u00abDie im Vergleich zu anderen Teilen Deutschlands niedrigeren Infektionszahlen, niedrigeren Todeszahlen und h\u00f6heren Impfquoten sprechen eine deutliche Sprache.\u00bb Er wolle sich bedanken bei denjenigen, die auf den Intensivstationen um das Leben ihrer Patientinnen und Patienten ringen, bei denjenigen, die in Gesundheits\u00e4mtern unerm\u00fcdlich arbeiteten und bei denjenigen, die die Impfkampagne \u00fcberhaupt erst m\u00f6glich machten, sagte Weil&#8230;.<\/p>\n","protected":false},"author":7,"featured_media":0,"comment_status":"false","ping_status":"open","sticky":false,"template":"","format":"standard","meta":{"footnotes":""},"categories":[43],"tags":[44],"class_list":["post-19774","post","type-post","status-publish","format-standard","hentry","category-kirche-oldenburg","tag-kirche-oldenburg"],"_links":{"self":[{"href":"https:\/\/christusnews.de\/site\/wp-json\/wp\/v2\/posts\/19774","targetHints":{"allow":["GET"]}}],"collection":[{"href":"https:\/\/christusnews.de\/site\/wp-json\/wp\/v2\/posts"}],"about":[{"href":"https:\/\/christusnews.de\/site\/wp-json\/wp\/v2\/types\/post"}],"author":[{"embeddable":true,"href":"https:\/\/christusnews.de\/site\/wp-json\/wp\/v2\/users\/7"}],"replies":[{"embeddable":true,"href":"https:\/\/christusnews.de\/site\/wp-json\/wp\/v2\/comments?post=19774"}],"version-history":[{"count":1,"href":"https:\/\/christusnews.de\/site\/wp-json\/wp\/v2\/posts\/19774\/revisions"}],"predecessor-version":[{"id":19775,"href":"https:\/\/christusnews.de\/site\/wp-json\/wp\/v2\/posts\/19774\/revisions\/19775"}],"wp:attachment":[{"href":"https:\/\/christusnews.de\/site\/wp-json\/wp\/v2\/media?parent=19774"}],"wp:term":[{"taxonomy":"category","embeddable":true,"href":"https:\/\/christusnews.de\/site\/wp-json\/wp\/v2\/categories?post=19774"},{"taxonomy":"post_tag","embeddable":true,"href":"https:\/\/christusnews.de\/site\/wp-json\/wp\/v2\/tags?post=19774"}],"curies":[{"name":"wp","href":"https:\/\/api.w.org\/{rel}","templated":true}]}}