{"id":19776,"date":"2021-12-31T11:50:00","date_gmt":"2021-12-31T10:50:00","guid":{"rendered":"https:\/\/christusnews.de\/site\/bundestagspraesidentin-bas-ruft-auf-zu-solidaritaet-im-neuen-jahr\/"},"modified":"2022-01-02T22:17:32","modified_gmt":"2022-01-02T21:17:32","slug":"bundestagspraesidentin-bas-ruft-auf-zu-solidaritaet-im-neuen-jahr","status":"publish","type":"post","link":"https:\/\/christusnews.de\/site\/bundestagspraesidentin-bas-ruft-auf-zu-solidaritaet-im-neuen-jahr\/","title":{"rendered":"Bundestagspr\u00e4sidentin Bas ruft auf zu Solidarit\u00e4t im neuen Jahr"},"content":{"rendered":"<p>Osnabr\u00fcck\/Berlin (epd). Bundestagspr\u00e4sidentin B\u00e4rbel Bas (SPD) hat die Menschen zum Jahreswechsel aufgerufen, die von Corona gerissenen Gr\u00e4ben zu \u00fcberwinden. \u00abMein Wunsch ist es, dass wir als Gesellschaft wieder zu der Solidarit\u00e4t und Verbundenheit zur\u00fcckfinden, die uns zu Beginn der Pandemie so enorm geholfen und gutgetan hat\u00bb, sagte Bas der \u00abNeuen Osnabr\u00fccker Zeitung\u00bb (Freitag). \u00abLasst uns alle auf Freunde, auf Bekannte zugehen, nicht nur \u00fcber das Impfen reden, einander ohne Emp\u00f6rung und erhobene Zeigefinger begegnen.\u00bb<\/p>\n<p>Corona habe tiefe Kerben in Freundeskreise, in Familien und in Belegschaften geschlagen, sagte Bas. \u00abAber nicht wir sind das Problem, sondern das Virus, und wir sollten Corona nicht erlauben, unsere Gesellschaft nachhaltig zu besch\u00e4digen\u00bb, betonte die Parlamentspr\u00e4sidentin. \u00abDass es gelingt, unsere Gemeinsamkeiten und St\u00e4rken jenseits von Corona wiederzuentdecken, das ist meine Hoffnung f\u00fcr das neue Jahr.\u00bb<\/p>\n<p>Kirche-Oldenburg<br \/>\n<a href=\"https:\/\/www.kirche-oldenburg.de\/\/aktuell\/news-niedersachsen\/artikel\/bundestagspraesidentin-bas-ruft-auf-zu-solidaritaet-im-neuen-jahr\" target=\"_blank\" rel=\"noopener\">Bundestagspr\u00e4sidentin Bas ruft auf zu Solidarit\u00e4t im neuen Jahr<\/a><\/p>\n","protected":false},"excerpt":{"rendered":"<p>Osnabr\u00fcck\/Berlin (epd). Bundestagspr\u00e4sidentin B\u00e4rbel Bas (SPD) hat die Menschen zum Jahreswechsel aufgerufen, die von Corona gerissenen Gr\u00e4ben zu \u00fcberwinden. \u00abMein Wunsch ist es, dass wir als Gesellschaft wieder zu der Solidarit\u00e4t und Verbundenheit zur\u00fcckfinden, die uns zu Beginn der Pandemie so enorm geholfen und gutgetan hat\u00bb, sagte Bas der \u00abNeuen Osnabr\u00fccker Zeitung\u00bb (Freitag). \u00abLasst uns alle auf Freunde, auf Bekannte zugehen, nicht nur \u00fcber das Impfen reden, einander ohne Emp\u00f6rung und erhobene Zeigefinger begegnen.\u00bb Corona habe tiefe Kerben in Freundeskreise, in Familien und in Belegschaften geschlagen, sagte Bas. \u00abAber nicht wir sind das Problem, sondern das Virus, und wir sollten&#8230;<\/p>\n","protected":false},"author":7,"featured_media":0,"comment_status":"false","ping_status":"open","sticky":false,"template":"","format":"standard","meta":{"footnotes":""},"categories":[43],"tags":[44],"class_list":["post-19776","post","type-post","status-publish","format-standard","hentry","category-kirche-oldenburg","tag-kirche-oldenburg"],"_links":{"self":[{"href":"https:\/\/christusnews.de\/site\/wp-json\/wp\/v2\/posts\/19776","targetHints":{"allow":["GET"]}}],"collection":[{"href":"https:\/\/christusnews.de\/site\/wp-json\/wp\/v2\/posts"}],"about":[{"href":"https:\/\/christusnews.de\/site\/wp-json\/wp\/v2\/types\/post"}],"author":[{"embeddable":true,"href":"https:\/\/christusnews.de\/site\/wp-json\/wp\/v2\/users\/7"}],"replies":[{"embeddable":true,"href":"https:\/\/christusnews.de\/site\/wp-json\/wp\/v2\/comments?post=19776"}],"version-history":[{"count":1,"href":"https:\/\/christusnews.de\/site\/wp-json\/wp\/v2\/posts\/19776\/revisions"}],"predecessor-version":[{"id":19777,"href":"https:\/\/christusnews.de\/site\/wp-json\/wp\/v2\/posts\/19776\/revisions\/19777"}],"wp:attachment":[{"href":"https:\/\/christusnews.de\/site\/wp-json\/wp\/v2\/media?parent=19776"}],"wp:term":[{"taxonomy":"category","embeddable":true,"href":"https:\/\/christusnews.de\/site\/wp-json\/wp\/v2\/categories?post=19776"},{"taxonomy":"post_tag","embeddable":true,"href":"https:\/\/christusnews.de\/site\/wp-json\/wp\/v2\/tags?post=19776"}],"curies":[{"name":"wp","href":"https:\/\/api.w.org\/{rel}","templated":true}]}}