{"id":19778,"date":"2021-12-31T11:48:00","date_gmt":"2021-12-31T10:48:00","guid":{"rendered":"https:\/\/christusnews.de\/site\/delmenhorster-buendnis-will-zeichen-setzen-gegen-spaltung\/"},"modified":"2022-01-02T22:17:33","modified_gmt":"2022-01-02T21:17:33","slug":"delmenhorster-buendnis-will-zeichen-setzen-gegen-spaltung","status":"publish","type":"post","link":"https:\/\/christusnews.de\/site\/delmenhorster-buendnis-will-zeichen-setzen-gegen-spaltung\/","title":{"rendered":"Delmenhorster B\u00fcndnis will Zeichen setzen gegen Spaltung"},"content":{"rendered":"<p>Delmenhorst (epd). Das Delmenhorster \u00abB\u00fcndnis gegen Rechts\u00bb ruft B\u00fcrgerinnen und B\u00fcrger auf, sich solidarisch gegen die Absichten von Teilen der Corona-Spazierg\u00e4nger zu stellen. Diese drohten die st\u00e4dtische Gesellschaft zu spalten, teilte das B\u00fcndnis am Freitag mit. In den vergangenen Wochen hat es den Angaben zufolge in der Stadt einige Spazierg\u00e4nge als Ausdruck von Unzufriedenen mit den Ma\u00dfnahmen gegen die Ausbreitung des Corona-Virus gegeben. Mit einer eigenen Aktion wolle das B\u00fcndnis nun ein Zeichen gegen Spaltung setzen.<\/p>\n<p>Diese Aufm\u00e4rsche w\u00fcrden zunehmend von rechten Kreisen dominiert, hie\u00df es. So warne der nieders\u00e4chsische Verfassungsschutzpr\u00e4sident Bernhard Witthaut vor einer Vermischung von Rechtsextremen, Reichsb\u00fcrgern und Corona-Leugnern. Unter anderem \u00e4u\u00dfere sich die Demokratiefeindlichkeit bei den Spazierg\u00e4ngen in Delmenhorst in dem Skandieren von Parolen wie \u00abWiderstand\u00bb, die nicht weiter pr\u00e4zisiert werden. Dahinter verberge sich bei den rechtsextremen Teilen dieser Proteste der Widerstand gegen die Demokratie.<\/p>\n<p>\u00abAlle diejenigen, die, ohne diese Position zu teilen, bei diesen Protesten mitlaufen, sollten sich bewusst sein, dass sie damit solche Haltungen der Rechtsextremen st\u00fctzen\u00bb, hie\u00df es. Das B\u00fcndnis ruft alle B\u00fcrger auf, eine Erkl\u00e4rung zu unterzeichnen und sich am Montag (3. Januar) um 18 Uhr einer Menschenkette rund um das Delmenhorster Rathaus anzuschlie\u00dfen, \u00abum damit deutlich zu zeigen, dass eine Spaltung der demokratischen Gesellschaft nicht akzeptiert wird\u00bb.<\/p>\n<p>Kirche-Oldenburg<br \/>\n<a href=\"https:\/\/www.kirche-oldenburg.de\/\/aktuell\/news-niedersachsen\/artikel\/delmenhorster-buendnis-will-zeichen-setzen-gegen-spaltung\" target=\"_blank\" rel=\"noopener\">Delmenhorster B\u00fcndnis will Zeichen setzen gegen Spaltung<\/a><\/p>\n","protected":false},"excerpt":{"rendered":"<p>Delmenhorst (epd). Das Delmenhorster \u00abB\u00fcndnis gegen Rechts\u00bb ruft B\u00fcrgerinnen und B\u00fcrger auf, sich solidarisch gegen die Absichten von Teilen der Corona-Spazierg\u00e4nger zu stellen. Diese drohten die st\u00e4dtische Gesellschaft zu spalten, teilte das B\u00fcndnis am Freitag mit. In den vergangenen Wochen hat es den Angaben zufolge in der Stadt einige Spazierg\u00e4nge als Ausdruck von Unzufriedenen mit den Ma\u00dfnahmen gegen die Ausbreitung des Corona-Virus gegeben. Mit einer eigenen Aktion wolle das B\u00fcndnis nun ein Zeichen gegen Spaltung setzen. Diese Aufm\u00e4rsche w\u00fcrden zunehmend von rechten Kreisen dominiert, hie\u00df es. So warne der nieders\u00e4chsische Verfassungsschutzpr\u00e4sident Bernhard Witthaut vor einer Vermischung von Rechtsextremen, Reichsb\u00fcrgern und&#8230;<\/p>\n","protected":false},"author":7,"featured_media":0,"comment_status":"false","ping_status":"open","sticky":false,"template":"","format":"standard","meta":{"footnotes":""},"categories":[43],"tags":[44],"class_list":["post-19778","post","type-post","status-publish","format-standard","hentry","category-kirche-oldenburg","tag-kirche-oldenburg"],"_links":{"self":[{"href":"https:\/\/christusnews.de\/site\/wp-json\/wp\/v2\/posts\/19778","targetHints":{"allow":["GET"]}}],"collection":[{"href":"https:\/\/christusnews.de\/site\/wp-json\/wp\/v2\/posts"}],"about":[{"href":"https:\/\/christusnews.de\/site\/wp-json\/wp\/v2\/types\/post"}],"author":[{"embeddable":true,"href":"https:\/\/christusnews.de\/site\/wp-json\/wp\/v2\/users\/7"}],"replies":[{"embeddable":true,"href":"https:\/\/christusnews.de\/site\/wp-json\/wp\/v2\/comments?post=19778"}],"version-history":[{"count":1,"href":"https:\/\/christusnews.de\/site\/wp-json\/wp\/v2\/posts\/19778\/revisions"}],"predecessor-version":[{"id":19779,"href":"https:\/\/christusnews.de\/site\/wp-json\/wp\/v2\/posts\/19778\/revisions\/19779"}],"wp:attachment":[{"href":"https:\/\/christusnews.de\/site\/wp-json\/wp\/v2\/media?parent=19778"}],"wp:term":[{"taxonomy":"category","embeddable":true,"href":"https:\/\/christusnews.de\/site\/wp-json\/wp\/v2\/categories?post=19778"},{"taxonomy":"post_tag","embeddable":true,"href":"https:\/\/christusnews.de\/site\/wp-json\/wp\/v2\/tags?post=19778"}],"curies":[{"name":"wp","href":"https:\/\/api.w.org\/{rel}","templated":true}]}}