{"id":19828,"date":"2022-01-06T08:20:00","date_gmt":"2022-01-06T07:20:00","guid":{"rendered":"https:\/\/christusnews.de\/site\/caritas-praesidentin-vorerst-gegen-allgemeine-impfpflicht\/"},"modified":"2022-01-07T10:17:43","modified_gmt":"2022-01-07T09:17:43","slug":"caritas-praesidentin-vorerst-gegen-allgemeine-impfpflicht","status":"publish","type":"post","link":"https:\/\/christusnews.de\/site\/caritas-praesidentin-vorerst-gegen-allgemeine-impfpflicht\/","title":{"rendered":"Caritas-Pr\u00e4sidentin vorerst gegen allgemeine Impfpflicht"},"content":{"rendered":"<p class=\"MsoPlainText\">Osnabr\u00fcck (epd). Caritas-Pr\u00e4sidentin Eva Welskop-Deffaa spricht sich gegen eine allgemeine Corona-Impfpflicht zum gegenw\u00e4rtigen Zeitpunkt aus. Der \u00abNeuen Osnabr\u00fccker Zeitung\u00bb (Donnerstag) sagte Welskop-Deffaa, die Verh\u00e4ltnism\u00e4\u00dfigkeit einer allgemeinen Impfpflicht h\u00e4nge davon ab, ob die Impfung mehr leisten k\u00f6nne als den Schutz vor einer schweren Erkrankung, also etwa auch den Schutz vor einer Ansteckung Dritter. \u00abIst das nicht der Fall, und im Augenblick ist die Erkenntnislage dazu eher ungewiss, m\u00fcsste die Abw\u00e4gung vorsichtiger ausfallen\u00bb, sagte Welskop-Deffaa: \u00abJetzt in diesem Moment w\u00fcrde ich daher keine allgemeine Impfpflicht einf\u00fchren.\u00bb<\/p>\n<p class=\"MsoPlainText\">&nbsp;<\/p>\n<p class=\"MsoPlainText\">Eine differenziertere Verpflichtung zum Impfen f\u00fcr bestimmte Gruppen begr\u00fc\u00dfte die Caritas-Pr\u00e4sidentin dagegen. Man wisse, dass die Impfung vor einem schweren Krankheitsverlauf sch\u00fctzen kann. Deswegen seien in den Altenheimen der Caritas bis zu 95 Prozent der Bewohner geimpft worden. Bei Besch\u00e4ftigten gehe es vorrangig darum, dass sie selbst nicht schwer erkranken, damit die Einrichtungen funktionsf\u00e4hig bleiben. \u00abDeshalb begr\u00fc\u00dfen wir die einrichtungsbezogene Impfpflicht\u00bb, erkl\u00e4rte die Pr\u00e4sidentin der katholischen Wohlfahrtsorganisation.<\/p>\n<p class=\"MsoPlainText\">&nbsp;<\/p>\n<p class=\"MsoPlainText\">Der Bundestag hatte Ende des vergangenen Jahres eine Impfpflicht f\u00fcr das Personal von Einrichtungen beschlossen, in denen besonders durch Covid-19 gef\u00e4hrdete Menschen versorgt, behandelt oder betreut werden. Diese im Wesentlichen auf das Gesundheitswesen und die Pflege begrenzte Pflicht gilt ab Mitte M\u00e4rz.<\/p>\n<p class=\"MsoPlainText\">&nbsp;<\/p>\n<p class=\"MsoPlainText\">Dar\u00fcber hinaus wird auch \u00fcber eine allgemeine Corona-Impfpflicht f\u00fcr die ganze oder zumindest gro\u00dfe Teile der Bev\u00f6lkerung diskutiert. Dazu soll es Antr\u00e4ge im Bundestag geben, \u00fcber die die Angeordneten dann jeweils nach \u00dcberzeugung und nicht nach Fraktionsdisziplin abstimmen sollen.<\/p>\n<p>Kirche-Oldenburg<br \/>\n<a href=\"https:\/\/www.kirche-oldenburg.de\/\/aktuell\/news-niedersachsen\/artikel\/caritas-praesidentin-vorerst-gegen-allgemeine-impfpflicht\" target=\"_blank\" rel=\"noopener\">Caritas-Pr\u00e4sidentin vorerst gegen allgemeine Impfpflicht<\/a><\/p>\n","protected":false},"excerpt":{"rendered":"<p>Osnabr\u00fcck (epd). Caritas-Pr\u00e4sidentin Eva Welskop-Deffaa spricht sich gegen eine allgemeine Corona-Impfpflicht zum gegenw\u00e4rtigen Zeitpunkt aus. Der \u00abNeuen Osnabr\u00fccker Zeitung\u00bb (Donnerstag) sagte Welskop-Deffaa, die Verh\u00e4ltnism\u00e4\u00dfigkeit einer allgemeinen Impfpflicht h\u00e4nge davon ab, ob die Impfung mehr leisten k\u00f6nne als den Schutz vor einer schweren Erkrankung, also etwa auch den Schutz vor einer Ansteckung Dritter. \u00abIst das nicht der Fall, und im Augenblick ist die Erkenntnislage dazu eher ungewiss, m\u00fcsste die Abw\u00e4gung vorsichtiger ausfallen\u00bb, sagte Welskop-Deffaa: \u00abJetzt in diesem Moment w\u00fcrde ich daher keine allgemeine Impfpflicht einf\u00fchren.\u00bb &nbsp; Eine differenziertere Verpflichtung zum Impfen f\u00fcr bestimmte Gruppen begr\u00fc\u00dfte die Caritas-Pr\u00e4sidentin dagegen. Man wisse, dass&#8230;<\/p>\n","protected":false},"author":7,"featured_media":0,"comment_status":"false","ping_status":"open","sticky":false,"template":"","format":"standard","meta":{"footnotes":""},"categories":[43],"tags":[44],"class_list":["post-19828","post","type-post","status-publish","format-standard","hentry","category-kirche-oldenburg","tag-kirche-oldenburg"],"_links":{"self":[{"href":"https:\/\/christusnews.de\/site\/wp-json\/wp\/v2\/posts\/19828","targetHints":{"allow":["GET"]}}],"collection":[{"href":"https:\/\/christusnews.de\/site\/wp-json\/wp\/v2\/posts"}],"about":[{"href":"https:\/\/christusnews.de\/site\/wp-json\/wp\/v2\/types\/post"}],"author":[{"embeddable":true,"href":"https:\/\/christusnews.de\/site\/wp-json\/wp\/v2\/users\/7"}],"replies":[{"embeddable":true,"href":"https:\/\/christusnews.de\/site\/wp-json\/wp\/v2\/comments?post=19828"}],"version-history":[{"count":1,"href":"https:\/\/christusnews.de\/site\/wp-json\/wp\/v2\/posts\/19828\/revisions"}],"predecessor-version":[{"id":19829,"href":"https:\/\/christusnews.de\/site\/wp-json\/wp\/v2\/posts\/19828\/revisions\/19829"}],"wp:attachment":[{"href":"https:\/\/christusnews.de\/site\/wp-json\/wp\/v2\/media?parent=19828"}],"wp:term":[{"taxonomy":"category","embeddable":true,"href":"https:\/\/christusnews.de\/site\/wp-json\/wp\/v2\/categories?post=19828"},{"taxonomy":"post_tag","embeddable":true,"href":"https:\/\/christusnews.de\/site\/wp-json\/wp\/v2\/tags?post=19828"}],"curies":[{"name":"wp","href":"https:\/\/api.w.org\/{rel}","templated":true}]}}