{"id":20070,"date":"2022-02-05T20:49:00","date_gmt":"2022-02-05T19:49:00","guid":{"rendered":"https:\/\/christusnews.de\/site\/energieminister-lies-abgabenspirale-bei-strom-und-gas-sofort-stoppen\/"},"modified":"2022-02-06T22:17:19","modified_gmt":"2022-02-06T21:17:19","slug":"energieminister-lies-abgabenspirale-bei-strom-und-gas-sofort-stoppen","status":"publish","type":"post","link":"https:\/\/christusnews.de\/site\/energieminister-lies-abgabenspirale-bei-strom-und-gas-sofort-stoppen\/","title":{"rendered":"Energieminister Lies: Abgabenspirale bei Strom und Gas sofort stoppen"},"content":{"rendered":"<p class=\"MsoPlainText\">Oldenburg (epd). Niedersachsens Energieminister Olaf Lief (SPD) hat sich f\u00fcr einen sofortigen Stopp der Steuer- und Abgabenspirale beim Anstieg der Strom- und Gaspreise ausgesprochen. \u00abWir m\u00fcssen sofort die Situation beenden, wonach Steuern und Abgaben die ohnehin schon hohen Preise noch mal steigen lassen\u00bb, sagte der amtierende Vorsitzende der Energieministerkonferenz der Bundesl\u00e4nder der Oldenburger \u00abNordwest-Zeitung\u00bb (Montag und online). Die jetzige Preisspirale durch die EEG-Umlage sei \u00abhausgemacht\u00bb und k\u00f6nne umgehend beendet werden, \u00absobald genug politischer Wille da ist\u00bb.<\/p>\n<p class=\"MsoPlainText\">&nbsp;<\/p>\n<p class=\"MsoPlainText\">\u00abEine warme Wohnung sollte in unserem Land eigentlich eine Selbstverst\u00e4ndlichkeit sein\u00bb, sagte Lies. Darum d\u00fcrften nicht allein die Wohngeldempf\u00e4nger entlastet werden. \u00abEs muss zielgerichtet auch Erleichterungen geben f\u00fcr breitere Bev\u00f6lkerungsgruppen, die sich die Energiepreise nicht mehr leisten k\u00f6nnen.\u00bb Der Minister sprach sich \u00fcberdies daf\u00fcr aus, die Abh\u00e4ngigkeit von Gas-Importen durch den Ausbau der Erneuerbaren Energien zu beenden und warb mit Blick besonders auf die Windenergie f\u00fcr ein \u00abAkzeptanz-Paket\u00bb mit den B\u00fcrgern.<\/p>\n<p class=\"MsoPlainText\">&nbsp;<\/p>\n<p class=\"MsoPlainText\">So k\u00f6nnten Kommunen selbst Windenergieanlagen betreiben. \u00abDie Einnahmen kommen dann allen B\u00fcrgern zugute.\u00bb Zetel in Friesland sei daf\u00fcr ein gutes Beispiel. Lies: \u00abDie Windenergie ist der Garant daf\u00fcr, dass f\u00fcr 5 Cent pro Kilowattstunde Energie erzeugt wird. Bei der Kernenergie dagegen liegt sie bei mindestens 14 Cent &#8211; Folgekosten f\u00fcr etwa die Entsorgung der Brennelemente noch nicht eingerechnet.\u00bb<\/p>\n<p class=\"MsoPlainText\">&nbsp;<\/p>\n<p>Kirche-Oldenburg<br \/>\n<a href=\"https:\/\/www.kirche-oldenburg.de\/\/aktuell\/news-niedersachsen\/artikel\/energieminister-lies-abgabenspirale-bei-strom-und-gas-sofort-stoppen\" target=\"_blank\" rel=\"noopener\">Energieminister Lies: Abgabenspirale bei Strom und Gas sofort stoppen<\/a><\/p>\n","protected":false},"excerpt":{"rendered":"<p>Oldenburg (epd). Niedersachsens Energieminister Olaf Lief (SPD) hat sich f\u00fcr einen sofortigen Stopp der Steuer- und Abgabenspirale beim Anstieg der Strom- und Gaspreise ausgesprochen. \u00abWir m\u00fcssen sofort die Situation beenden, wonach Steuern und Abgaben die ohnehin schon hohen Preise noch mal steigen lassen\u00bb, sagte der amtierende Vorsitzende der Energieministerkonferenz der Bundesl\u00e4nder der Oldenburger \u00abNordwest-Zeitung\u00bb (Montag und online). Die jetzige Preisspirale durch die EEG-Umlage sei \u00abhausgemacht\u00bb und k\u00f6nne umgehend beendet werden, \u00absobald genug politischer Wille da ist\u00bb. &nbsp; \u00abEine warme Wohnung sollte in unserem Land eigentlich eine Selbstverst\u00e4ndlichkeit sein\u00bb, sagte Lies. Darum d\u00fcrften nicht allein die Wohngeldempf\u00e4nger entlastet werden. \u00abEs muss&#8230;<\/p>\n","protected":false},"author":7,"featured_media":0,"comment_status":"false","ping_status":"open","sticky":false,"template":"","format":"standard","meta":{"footnotes":""},"categories":[43],"tags":[44],"class_list":["post-20070","post","type-post","status-publish","format-standard","hentry","category-kirche-oldenburg","tag-kirche-oldenburg"],"_links":{"self":[{"href":"https:\/\/christusnews.de\/site\/wp-json\/wp\/v2\/posts\/20070","targetHints":{"allow":["GET"]}}],"collection":[{"href":"https:\/\/christusnews.de\/site\/wp-json\/wp\/v2\/posts"}],"about":[{"href":"https:\/\/christusnews.de\/site\/wp-json\/wp\/v2\/types\/post"}],"author":[{"embeddable":true,"href":"https:\/\/christusnews.de\/site\/wp-json\/wp\/v2\/users\/7"}],"replies":[{"embeddable":true,"href":"https:\/\/christusnews.de\/site\/wp-json\/wp\/v2\/comments?post=20070"}],"version-history":[{"count":1,"href":"https:\/\/christusnews.de\/site\/wp-json\/wp\/v2\/posts\/20070\/revisions"}],"predecessor-version":[{"id":20071,"href":"https:\/\/christusnews.de\/site\/wp-json\/wp\/v2\/posts\/20070\/revisions\/20071"}],"wp:attachment":[{"href":"https:\/\/christusnews.de\/site\/wp-json\/wp\/v2\/media?parent=20070"}],"wp:term":[{"taxonomy":"category","embeddable":true,"href":"https:\/\/christusnews.de\/site\/wp-json\/wp\/v2\/categories?post=20070"},{"taxonomy":"post_tag","embeddable":true,"href":"https:\/\/christusnews.de\/site\/wp-json\/wp\/v2\/tags?post=20070"}],"curies":[{"name":"wp","href":"https:\/\/api.w.org\/{rel}","templated":true}]}}