{"id":20083,"date":"2022-02-07T09:04:00","date_gmt":"2022-02-07T08:04:00","guid":{"rendered":"https:\/\/christusnews.de\/site\/aok-pflegeeinrichtungen-im-land-bremen-meist-ohne-tarifvertrag\/"},"modified":"2022-02-08T10:17:49","modified_gmt":"2022-02-08T09:17:49","slug":"aok-pflegeeinrichtungen-im-land-bremen-meist-ohne-tarifvertrag","status":"publish","type":"post","link":"https:\/\/christusnews.de\/site\/aok-pflegeeinrichtungen-im-land-bremen-meist-ohne-tarifvertrag\/","title":{"rendered":"AOK: Pflegeeinrichtungen im Land Bremen meist ohne Tarifvertrag"},"content":{"rendered":"<p class=\"MsoPlainText\">Bremen\/Bremerhaven (epd). Im Bundesland Bremen entlohnt laut AOK Bremen\/Bremerhaven derzeit nur eine Minderheit aller ambulanten und station\u00e4ren Pflegeeinrichtungen mit einem Tarifvertrag. Im kleinsten Bundesland werden nach Angaben der federf\u00fchrenden Pflegekasse aktuell mindestens f\u00fcnf unterschiedliche Tarifvertr\u00e4ge oder kirchliche Arbeitsrechts-Regelungen angewendet. \u00ab98 station\u00e4re Pflegeeinrichtungen und ambulante Pflegedienste im Land zahlen auf Basis dieser Vertr\u00e4ge und Vereinbarungen Tarifl\u00f6hne. Das sind 36 Prozent aller Einrichtungen im Land\u00bb, teilte die AOK am Montag mit.<\/p>\n<p class=\"MsoPlainText\">&nbsp;<\/p>\n<p class=\"MsoPlainText\">Hintergrund f\u00fcr die Erhebung ist eine gesetzliche Regelung, nach der die Pflegekassen ab 1. September 2022 Versorgungsvertr\u00e4ge nur noch mit Einrichtungen abschlie\u00dfen d\u00fcrfen, die nach Tarif bezahlen.&nbsp;\u00abEinrichtungen, die sich nicht daran halten, k\u00f6nnen k\u00fcnftig nicht mehr mit der Pflegeversicherung abrechnen\u00bb, verdeutlichte AOK-Vorstandschef Olaf Woggan. Die Daten zur Entlohnung ihrer Mitarbeiterinnen und Mitarbeiter haben die Einrichtungen seit Oktober&nbsp;2021 digital \u00fcbermittelt.<\/p>\n<p class=\"MsoPlainText\">&nbsp;<\/p>\n<p class=\"MsoPlainText\">Wer noch nicht nach Tarif zahle, sei verpflichtet, sich f\u00fcr eine der f\u00fcnf Tarifvertr\u00e4ge zu entscheiden und seinen Pflegekr\u00e4ften ab September ebenfalls entsprechende L\u00f6hne zu zahlen, erl\u00e4uterte Woggan. Die Kranken- und Pflegekassen im Land Bremen refinanzieren eigenen Angaben zufolge Tarifvertr\u00e4ge. \u00abErkl\u00e4rtes Ziel dieser Reform ist eine bessere Bezahlung der Altenpflege, die den Beruf attraktiver machen soll\u00bb, erkl\u00e4rte der AOK-Vorstandsvorsitzende.<\/p>\n<p class=\"MsoPlainText\">&nbsp;<\/p>\n<p class=\"MsoPlainText\">Bei den nicht tarifgebundenen Diensten refinanzierten die Pflegekassen Entlohnungen, die sich an den Tarifvertr\u00e4gen orientierten, vorausgesetzt, das Geld komme auch bei den Besch\u00e4ftigten an, hie\u00df es. Davon mache ein Gro\u00dfteil der Pflegeeinrichtungen bereits heute Gebrauch. Mit der kommenden Tarifbindung werde die Weitergabe an die Besch\u00e4ftigten nun Grundvoraussetzung f\u00fcr die Refinanzierung durch die Pflegekasse. In Bremen und Bremerhaven sind rund 11.300 Menschen in der Altenpflege besch\u00e4ftigt, etwa 85 Prozent davon sind Frauen.<\/p>\n<p>Kirche-Oldenburg<br \/>\n<a href=\"https:\/\/www.kirche-oldenburg.de\/\/aktuell\/news-niedersachsen\/artikel\/aok-pflegeeinrichtungen-im-land-bremen-meist-ohne-tarifvertrag\" target=\"_blank\" rel=\"noopener\">AOK: Pflegeeinrichtungen im Land Bremen meist ohne Tarifvertrag<\/a><\/p>\n","protected":false},"excerpt":{"rendered":"<p>Bremen\/Bremerhaven (epd). Im Bundesland Bremen entlohnt laut AOK Bremen\/Bremerhaven derzeit nur eine Minderheit aller ambulanten und station\u00e4ren Pflegeeinrichtungen mit einem Tarifvertrag. Im kleinsten Bundesland werden nach Angaben der federf\u00fchrenden Pflegekasse aktuell mindestens f\u00fcnf unterschiedliche Tarifvertr\u00e4ge oder kirchliche Arbeitsrechts-Regelungen angewendet. \u00ab98 station\u00e4re Pflegeeinrichtungen und ambulante Pflegedienste im Land zahlen auf Basis dieser Vertr\u00e4ge und Vereinbarungen Tarifl\u00f6hne. Das sind 36 Prozent aller Einrichtungen im Land\u00bb, teilte die AOK am Montag mit. &nbsp; Hintergrund f\u00fcr die Erhebung ist eine gesetzliche Regelung, nach der die Pflegekassen ab 1. September 2022 Versorgungsvertr\u00e4ge nur noch mit Einrichtungen abschlie\u00dfen d\u00fcrfen, die nach Tarif bezahlen.&nbsp;\u00abEinrichtungen, die sich nicht&#8230;<\/p>\n","protected":false},"author":7,"featured_media":0,"comment_status":"false","ping_status":"open","sticky":false,"template":"","format":"standard","meta":{"footnotes":""},"categories":[43],"tags":[44],"class_list":["post-20083","post","type-post","status-publish","format-standard","hentry","category-kirche-oldenburg","tag-kirche-oldenburg"],"_links":{"self":[{"href":"https:\/\/christusnews.de\/site\/wp-json\/wp\/v2\/posts\/20083","targetHints":{"allow":["GET"]}}],"collection":[{"href":"https:\/\/christusnews.de\/site\/wp-json\/wp\/v2\/posts"}],"about":[{"href":"https:\/\/christusnews.de\/site\/wp-json\/wp\/v2\/types\/post"}],"author":[{"embeddable":true,"href":"https:\/\/christusnews.de\/site\/wp-json\/wp\/v2\/users\/7"}],"replies":[{"embeddable":true,"href":"https:\/\/christusnews.de\/site\/wp-json\/wp\/v2\/comments?post=20083"}],"version-history":[{"count":1,"href":"https:\/\/christusnews.de\/site\/wp-json\/wp\/v2\/posts\/20083\/revisions"}],"predecessor-version":[{"id":20084,"href":"https:\/\/christusnews.de\/site\/wp-json\/wp\/v2\/posts\/20083\/revisions\/20084"}],"wp:attachment":[{"href":"https:\/\/christusnews.de\/site\/wp-json\/wp\/v2\/media?parent=20083"}],"wp:term":[{"taxonomy":"category","embeddable":true,"href":"https:\/\/christusnews.de\/site\/wp-json\/wp\/v2\/categories?post=20083"},{"taxonomy":"post_tag","embeddable":true,"href":"https:\/\/christusnews.de\/site\/wp-json\/wp\/v2\/tags?post=20083"}],"curies":[{"name":"wp","href":"https:\/\/api.w.org\/{rel}","templated":true}]}}