{"id":20933,"date":"2022-05-04T09:26:00","date_gmt":"2022-05-04T07:26:00","guid":{"rendered":"https:\/\/christusnews.de\/site\/reformierte-fruehjahrssynode-diskutiert-klimagerechtigkeit\/"},"modified":"2022-05-05T11:17:18","modified_gmt":"2022-05-05T09:17:18","slug":"reformierte-fruehjahrssynode-diskutiert-klimagerechtigkeit","status":"publish","type":"post","link":"https:\/\/christusnews.de\/site\/reformierte-fruehjahrssynode-diskutiert-klimagerechtigkeit\/","title":{"rendered":"Reformierte Fr\u00fchjahrssynode diskutiert Klimagerechtigkeit"},"content":{"rendered":"<p class=\"MsoPlainText\">Emden (epd). Das Kirchenparlament der Evangelisch-reformierten Kirche kommt heute (5. Mai) in Emden zu seiner zweit\u00e4gigen Fr\u00fchjahrstagung zusammen. Es tagt bis zum 6. Mai in Pr\u00e4senz in der Johannes a Lasco Bibliothek. Schwerpunkt der Tagung ist das Thema Klimagerechtigkeit.<\/p>\n<p class=\"MsoPlainText\">&nbsp;<\/p>\n<p class=\"MsoPlainText\">Als Gastreferentin wird die Pr\u00e4sidentin der evangelischen Hilfsaktion \u00abBrot f\u00fcr die Welt\u00bb , Dagmar Pruin, erwartet. Am diesem Freitag stehen zudem Beratungen und eine Beschlussfassung \u00fcber ein kirchliches Klimaschutzkonzept auf der Tagesordnung. Au\u00dferdem wollen die Synodenmitglieder einen Gesetzentwurf zur Pr\u00e4vention von sexuellem Missbrauch behandeln.<\/p>\n<p class=\"MsoPlainText\">&nbsp;<\/p>\n<p class=\"MsoPlainText\">Die sogenannte Gesamtsynode, die sich in Emden trifft, besteht aus&nbsp;61 Mitgliedern. Ihnen obliegt die Leitung der Kirche. Zur Evangelisch-reformierten Kirche mit Sitz in Leer geh\u00f6ren rund 165.400 Mitglieder in 143 Gemeinden zwischen Ostfriesland und dem Allg\u00e4u.<\/p>\n<p class=\"MsoPlainText\">&nbsp;<\/p>\n<p>Kirche-Oldenburg<br \/>\n<a href=\"https:\/\/www.kirche-oldenburg.de\/\/aktuell\/news-niedersachsen\/artikel\/reformierte-fruehjahrssynode-diskutiert-klimagerechtigkeit\" target=\"_blank\" rel=\"noopener\">Reformierte Fr\u00fchjahrssynode diskutiert Klimagerechtigkeit<\/a><\/p>\n","protected":false},"excerpt":{"rendered":"<p>Emden (epd). Das Kirchenparlament der Evangelisch-reformierten Kirche kommt heute (5. Mai) in Emden zu seiner zweit\u00e4gigen Fr\u00fchjahrstagung zusammen. Es tagt bis zum 6. Mai in Pr\u00e4senz in der Johannes a Lasco Bibliothek. Schwerpunkt der Tagung ist das Thema Klimagerechtigkeit. &nbsp; Als Gastreferentin wird die Pr\u00e4sidentin der evangelischen Hilfsaktion \u00abBrot f\u00fcr die Welt\u00bb , Dagmar Pruin, erwartet. Am diesem Freitag stehen zudem Beratungen und eine Beschlussfassung \u00fcber ein kirchliches Klimaschutzkonzept auf der Tagesordnung. Au\u00dferdem wollen die Synodenmitglieder einen Gesetzentwurf zur Pr\u00e4vention von sexuellem Missbrauch behandeln. &nbsp; Die sogenannte Gesamtsynode, die sich in Emden trifft, besteht aus&nbsp;61 Mitgliedern. Ihnen obliegt die Leitung&#8230;<\/p>\n","protected":false},"author":7,"featured_media":0,"comment_status":"false","ping_status":"open","sticky":false,"template":"","format":"standard","meta":{"footnotes":""},"categories":[43],"tags":[44],"class_list":["post-20933","post","type-post","status-publish","format-standard","hentry","category-kirche-oldenburg","tag-kirche-oldenburg"],"_links":{"self":[{"href":"https:\/\/christusnews.de\/site\/wp-json\/wp\/v2\/posts\/20933","targetHints":{"allow":["GET"]}}],"collection":[{"href":"https:\/\/christusnews.de\/site\/wp-json\/wp\/v2\/posts"}],"about":[{"href":"https:\/\/christusnews.de\/site\/wp-json\/wp\/v2\/types\/post"}],"author":[{"embeddable":true,"href":"https:\/\/christusnews.de\/site\/wp-json\/wp\/v2\/users\/7"}],"replies":[{"embeddable":true,"href":"https:\/\/christusnews.de\/site\/wp-json\/wp\/v2\/comments?post=20933"}],"version-history":[{"count":1,"href":"https:\/\/christusnews.de\/site\/wp-json\/wp\/v2\/posts\/20933\/revisions"}],"predecessor-version":[{"id":20934,"href":"https:\/\/christusnews.de\/site\/wp-json\/wp\/v2\/posts\/20933\/revisions\/20934"}],"wp:attachment":[{"href":"https:\/\/christusnews.de\/site\/wp-json\/wp\/v2\/media?parent=20933"}],"wp:term":[{"taxonomy":"category","embeddable":true,"href":"https:\/\/christusnews.de\/site\/wp-json\/wp\/v2\/categories?post=20933"},{"taxonomy":"post_tag","embeddable":true,"href":"https:\/\/christusnews.de\/site\/wp-json\/wp\/v2\/tags?post=20933"}],"curies":[{"name":"wp","href":"https:\/\/api.w.org\/{rel}","templated":true}]}}