{"id":21082,"date":"2022-05-25T10:00:00","date_gmt":"2022-05-25T08:00:00","guid":{"rendered":"https:\/\/christusnews.de\/site\/?p=21082"},"modified":"2022-05-23T09:53:40","modified_gmt":"2022-05-23T07:53:40","slug":"kriegserinnerungen-wachen-auf","status":"publish","type":"post","link":"https:\/\/christusnews.de\/site\/kriegserinnerungen-wachen-auf\/","title":{"rendered":"Kriegserinnerungen wachen auf"},"content":{"rendered":"\n<p>\u201eIch wusste gar nicht, dass ich das alles noch wei\u00df,\u201c&nbsp;<\/p>\n\n\n\n<p>sagt mir erstaunt die \u00e4ltere Dame beim Kirch-Tee.<\/p>\n\n\n\n<p>\u201eIch wusste gar nicht, dass es diese Erinnerungen noch habe.\u201c&nbsp;<\/p>\n\n\n\n<p>Wenn die Sirenen heulten, musste sie mit ihrem kleinen K\u00f6fferchen in den Bunker am Ende der Heppenser Stra\u00dfe. Bombenangriffe auf Wilhelmshaven, N\u00e4chte im Bunker. Das alles hat sie erlebt, wie so viele ihrer Generation.&nbsp;<\/p>\n\n\n\n<p>Die Fernsehbilder aus der Ukraine haben bei ihr wieder etwas wachgerufen.<\/p>\n\n\n\n<p>Menschen suchen in U-Bahn-Sch\u00e4chten Zuflucht vor den Bombenangriffen. Zerst\u00f6rte H\u00e4user in Mariupol sehen aus wie die Bilder 1944 aus der M\u00fcllerstra\u00dfe<\/p>\n\n\n\n<p>Ich h\u00f6re im Moment immer wieder diese alten Geschichten, die wachgeworden sind. In unserer Arbeit mit der \u00e4lteren Generation hat das seinen Raum.&nbsp;&nbsp;Zuh\u00f6ren, ins Gespr\u00e4ch kommen.&nbsp;<\/p>\n\n\n\n<p>Kriegserfahrungen sind noch mitten unter uns.&nbsp;<\/p>\n\n\n\n<p>Wir sollten zu h\u00f6ren und ernst nehmen, was da wieder wach geworden ist. Das tut den \u00e4lteren Menschen gut, aber auch uns allen.&nbsp;&nbsp;<\/p>\n\n\n\n<p><\/p>\n\n\n\n<blockquote class=\"wp-block-quote is-layout-flow wp-block-quote-is-layout-flow\"><p><strong>Rainer Claus, Pastor an der Heppenser Kirche<\/strong><br>H<em>\u00f6ren Sie diesen Beitrag bei Radio Jade:<\/em><br><a rel=\"noreferrer noopener\" href=\"http:\/\/www.radio-jade.de\/mediathek\/angedacht\/\" target=\"_blank\"><em>Alle Beitr\u00e4ge im \u00dcberblick | RADIO JADE<\/em><\/a><\/p><\/blockquote>\n","protected":false},"excerpt":{"rendered":"<p>\u201eIch wusste gar nicht, dass ich das alles noch wei\u00df,\u201c&nbsp; sagt mir erstaunt die \u00e4ltere Dame beim Kirch-Tee. \u201eIch wusste gar nicht, dass es diese Erinnerungen noch habe.\u201c&nbsp; Wenn die Sirenen heulten, musste sie mit ihrem kleinen K\u00f6fferchen in den Bunker am Ende der Heppenser Stra\u00dfe. Bombenangriffe auf Wilhelmshaven, N\u00e4chte im Bunker. Das alles hat sie erlebt, wie so viele ihrer Generation.&nbsp; Die Fernsehbilder aus der Ukraine haben bei ihr wieder etwas wachgerufen. Menschen suchen in U-Bahn-Sch\u00e4chten Zuflucht vor den Bombenangriffen. Zerst\u00f6rte H\u00e4user in Mariupol sehen aus wie die Bilder 1944 aus der M\u00fcllerstra\u00dfe Ich h\u00f6re im Moment immer wieder&#8230;<\/p>\n","protected":false},"author":6,"featured_media":1171,"comment_status":"closed","ping_status":"open","sticky":false,"template":"","format":"standard","meta":{"footnotes":""},"categories":[5],"tags":[],"class_list":["post-21082","post","type-post","status-publish","format-standard","has-post-thumbnail","hentry","category-angedacht"],"_links":{"self":[{"href":"https:\/\/christusnews.de\/site\/wp-json\/wp\/v2\/posts\/21082","targetHints":{"allow":["GET"]}}],"collection":[{"href":"https:\/\/christusnews.de\/site\/wp-json\/wp\/v2\/posts"}],"about":[{"href":"https:\/\/christusnews.de\/site\/wp-json\/wp\/v2\/types\/post"}],"author":[{"embeddable":true,"href":"https:\/\/christusnews.de\/site\/wp-json\/wp\/v2\/users\/6"}],"replies":[{"embeddable":true,"href":"https:\/\/christusnews.de\/site\/wp-json\/wp\/v2\/comments?post=21082"}],"version-history":[{"count":1,"href":"https:\/\/christusnews.de\/site\/wp-json\/wp\/v2\/posts\/21082\/revisions"}],"predecessor-version":[{"id":21083,"href":"https:\/\/christusnews.de\/site\/wp-json\/wp\/v2\/posts\/21082\/revisions\/21083"}],"wp:featuredmedia":[{"embeddable":true,"href":"https:\/\/christusnews.de\/site\/wp-json\/wp\/v2\/media\/1171"}],"wp:attachment":[{"href":"https:\/\/christusnews.de\/site\/wp-json\/wp\/v2\/media?parent=21082"}],"wp:term":[{"taxonomy":"category","embeddable":true,"href":"https:\/\/christusnews.de\/site\/wp-json\/wp\/v2\/categories?post=21082"},{"taxonomy":"post_tag","embeddable":true,"href":"https:\/\/christusnews.de\/site\/wp-json\/wp\/v2\/tags?post=21082"}],"curies":[{"name":"wp","href":"https:\/\/api.w.org\/{rel}","templated":true}]}}