{"id":21096,"date":"2022-05-21T13:58:00","date_gmt":"2022-05-21T11:58:00","guid":{"rendered":"https:\/\/christusnews.de\/site\/auszeichnung-zum-102-jubilaeum\/"},"modified":"2022-05-23T23:17:28","modified_gmt":"2022-05-23T21:17:28","slug":"auszeichnung-zum-102-jubilaeum","status":"publish","type":"post","link":"https:\/\/christusnews.de\/site\/auszeichnung-zum-102-jubilaeum\/","title":{"rendered":"Auszeichnung zum 102. Jubil\u00e4um"},"content":{"rendered":"<p>Der Posaunenchor der Kirchengemeinde Holle-W\u00fcsting hat am Sonntag, 15. Mai, sein 102 j\u00e4hriges Posaunenchorjubil\u00e4um gefeiert. Durch die Corona-Pandemie mussten die Feierlichkeiten um zwei Jahre verschoben werden. Im Rahmen des Festgottesdienstes wurde der Posaunenchor mit der von Bundespr\u00e4sident Frank Walter Steinmeier gestifteten \u201ePro-Musica-Plakette\u201c ausgezeichnet. Bei dieser Plakette handelt es sich um die h\u00f6chste Auszeichnung f\u00fcr das Amateurmusizieren in der Bundesrepublik.<br \/>\n&nbsp; &nbsp;<br \/>\nDie Auszeichnung wurde vom nieders\u00e4chsischen Minister f\u00fcr Wirtschaft und Kultur, Bj\u00f6rn Th\u00fcmler \u00fcberreicht. Ein weiteres Gru\u00dfwort hat B\u00fcrgermeister J\u00f6rg Skatulla (B\u00fcrgermeister der Gemeinde Hude) gesprochen. Im Rahmen des Festgottesdienstes wurden durch das Posaunenwerk verdiente Posaunenchormitglieder geehrt. Ein besonderer Dank wurde Heino M\u00f6nnich (siehe Foto) ausgesprochen, der seit siebenundsiebzig Jahren als Chorleiter und (jetzt) Bl\u00e4ser in der Kirchengemeinde aktiv ist, auch heute noch t\u00e4glich \u00fcbt und aktiv im Posaunenchor mitspielt.<br \/>\n&nbsp; &nbsp;<br \/>\nDem heutigen Chorleiter Martin Brink ist es gelungen den Posaunenchor durch die Einschr\u00e4nkungen der Pandemie zu f\u00fchren und alle Mitglieder f\u00fcr den Neueinstieg zu motivieren. Dieser Posaunenchor blickt nicht nur auf eine lange Tradition zur\u00fcck, sondern ist auch heute ein wesentlicher Bestandteil der Kirchengemeinde, tief verwurzelt in der d\u00f6rflichen Struktur, hat eine aktive Jugend- und Nachwuchsarbeit, verbindet alle Generationen miteinander und ist ein aktiver Teil der Posaunenarbeit in der Oldenburger Kirche.&nbsp;<br \/>\n&nbsp; &nbsp;<br \/>\n<em>Ein Beitrag von Christian Strohmann&nbsp;<\/em><\/p>\n<p>Kirche-Oldenburg<br \/>\n<a href=\"https:\/\/www.kirche-oldenburg.de\/\/aktuell\/pressemitteilungen\/artikel\/auszeichnung-zum-102-jubilaeum\" target=\"_blank\" rel=\"noopener\">Auszeichnung zum 102. Jubil\u00e4um<\/a><\/p>\n","protected":false},"excerpt":{"rendered":"<p>Der Posaunenchor der Kirchengemeinde Holle-W\u00fcsting hat am Sonntag, 15. Mai, sein 102 j\u00e4hriges Posaunenchorjubil\u00e4um gefeiert. Durch die Corona-Pandemie mussten die Feierlichkeiten um zwei Jahre verschoben werden. Im Rahmen des Festgottesdienstes wurde der Posaunenchor mit der von Bundespr\u00e4sident Frank Walter Steinmeier gestifteten \u201ePro-Musica-Plakette\u201c ausgezeichnet. Bei dieser Plakette handelt es sich um die h\u00f6chste Auszeichnung f\u00fcr das Amateurmusizieren in der Bundesrepublik. &nbsp; &nbsp; Die Auszeichnung wurde vom nieders\u00e4chsischen Minister f\u00fcr Wirtschaft und Kultur, Bj\u00f6rn Th\u00fcmler \u00fcberreicht. Ein weiteres Gru\u00dfwort hat B\u00fcrgermeister J\u00f6rg Skatulla (B\u00fcrgermeister der Gemeinde Hude) gesprochen. Im Rahmen des Festgottesdienstes wurden durch das Posaunenwerk verdiente Posaunenchormitglieder geehrt. Ein besonderer Dank&#8230;<\/p>\n","protected":false},"author":7,"featured_media":0,"comment_status":"false","ping_status":"open","sticky":false,"template":"","format":"standard","meta":{"footnotes":""},"categories":[43],"tags":[44],"class_list":["post-21096","post","type-post","status-publish","format-standard","hentry","category-kirche-oldenburg","tag-kirche-oldenburg"],"_links":{"self":[{"href":"https:\/\/christusnews.de\/site\/wp-json\/wp\/v2\/posts\/21096","targetHints":{"allow":["GET"]}}],"collection":[{"href":"https:\/\/christusnews.de\/site\/wp-json\/wp\/v2\/posts"}],"about":[{"href":"https:\/\/christusnews.de\/site\/wp-json\/wp\/v2\/types\/post"}],"author":[{"embeddable":true,"href":"https:\/\/christusnews.de\/site\/wp-json\/wp\/v2\/users\/7"}],"replies":[{"embeddable":true,"href":"https:\/\/christusnews.de\/site\/wp-json\/wp\/v2\/comments?post=21096"}],"version-history":[{"count":1,"href":"https:\/\/christusnews.de\/site\/wp-json\/wp\/v2\/posts\/21096\/revisions"}],"predecessor-version":[{"id":21097,"href":"https:\/\/christusnews.de\/site\/wp-json\/wp\/v2\/posts\/21096\/revisions\/21097"}],"wp:attachment":[{"href":"https:\/\/christusnews.de\/site\/wp-json\/wp\/v2\/media?parent=21096"}],"wp:term":[{"taxonomy":"category","embeddable":true,"href":"https:\/\/christusnews.de\/site\/wp-json\/wp\/v2\/categories?post=21096"},{"taxonomy":"post_tag","embeddable":true,"href":"https:\/\/christusnews.de\/site\/wp-json\/wp\/v2\/tags?post=21096"}],"curies":[{"name":"wp","href":"https:\/\/api.w.org\/{rel}","templated":true}]}}